{"id":1153,"date":"2026-09-05T22:46:07","date_gmt":"2026-09-05T20:46:07","guid":{"rendered":"https:\/\/wspomozycielka-lodz.pl\/?p=1153"},"modified":"2026-09-05T22:46:08","modified_gmt":"2026-09-05T20:46:08","slug":"ogloszenia-parafialne-6-09-2026","status":"publish","type":"post","link":"https:\/\/wspomozycielka-lodz.pl\/?p=1153","title":{"rendered":"OG\u0141OSZENIA PARAFIALNE (6.09.2026)"},"content":{"rendered":"\n<p>1. W poniedzia\u0142ek po Mszy wieczornej zapraszam na obowi\u0105zkowe spotkanie Rad\u0119 parafialn\u0105 oraz wszystkich odpowiedzialnych za grupy i wsp\u00f3lnoty w parafii lub osoby przez nich oddelegowane.<\/p>\n\n\n\n<p>2. W czwartek po Mszy wieczornej adoracja Naj\u015bwi\u0119tszego Sakramentu.<\/p>\n\n\n\n<p>3. W przysz\u0142\u0105 niedziel\u0119 b\u0119dzie spotkanie formacyjne Salezjan\u00f3w Wsp\u00f3\u0142pracownik\u00f3w po Mszy \u015bw. o godz. 11.30.<\/p>\n\n\n\n<p>4. Zapraszamy ch\u0142opc\u00f3w po 2. klasie szko\u0142y podstawowej, m\u0142odzie\u017c m\u0119sk\u0105 i ch\u0119tnych pan\u00f3w do s\u0142u\u017cby liturgicznej w naszej parafii. Informacje u ks. opiekuna Piotra.<\/p>\n\n\n\n<p>5. Bezpo\u015brednio po Mszy \u015bw. o godz. 11.30 zapraszamy wszystkich ch\u0119tnych na \u201eOratorium Rodzinne\u201d. Ma to by\u0107 czas spotkania, rozmowy, skorzystania z kawy i herbaty oraz zabaw oraz r\u00f3\u017cnych aktywno\u015bci. Zaj\u0119cia b\u0119d\u0105 si\u0119 odbywa\u0107 w oratorium do godz. 13.30.<\/p>\n\n\n\n<p>6. Nasze oratorium zaprasza osoby w wieku 13-17 lat do rozpocz\u0119cia formacji animatora. Pierwsze spotkanie dla kandydat\u00f3w odb\u0119dzie si\u0119 w oratorium w najbli\u017csz\u0105 \u015brod\u0119, 9 wrze\u015bnia, o godz. 16.00. <\/p>\n\n\n\n<p>7. Z naszej wsp\u00f3lnoty parafialnej do wieczno\u015bci odesz\u0142a: Aleksandra Lewandowska, lat 68. <em>Wieczny odpoczynek racz jej da\u0107, Panie<\/em>&#8230;<\/p>\n","protected":false},"excerpt":{"rendered":"<p>1. W poniedzia\u0142ek po Mszy wieczornej zapraszam na obowi\u0105zkowe spotkanie Rad\u0119 parafialn\u0105 oraz wszystkich odpowiedzialnych za grupy i wsp\u00f3lnoty w parafii lub osoby przez nich oddelegowane. 2. W czwartek po Mszy wieczornej adoracja Naj\u015bwi\u0119tszego Sakramentu. 3. W przysz\u0142\u0105 niedziel\u0119 b\u0119dzie spotkanie formacyjne Salezjan\u00f3w Wsp\u00f3\u0142pracownik\u00f3w po Mszy \u015bw. o godz. 11.30. [&hellip;]<\/p>\n","protected":false},"author":2,"featured_media":619,"comment_status":"closed","ping_status":"closed","sticky":false,"template":"","format":"standard","meta":{"footnotes":""},"categories":[2],"tags":[],"class_list":["post-1153","post","type-post","status-publish","format-standard","has-post-thumbnail","hentry","category-aktualnosci"],"_links":{"self":[{"href":"https:\/\/wspomozycielka-lodz.pl\/index.php?rest_route=\/wp\/v2\/posts\/1153","targetHints":{"allow":["GET"]}}],"collection":[{"href":"https:\/\/wspomozycielka-lodz.pl\/index.php?rest_route=\/wp\/v2\/posts"}],"about":[{"href":"https:\/\/wspomozycielka-lodz.pl\/index.php?rest_route=\/wp\/v2\/types\/post"}],"author":[{"embeddable":true,"href":"https:\/\/wspomozycielka-lodz.pl\/index.php?rest_route=\/wp\/v2\/users\/2"}],"replies":[{"embeddable":true,"href":"https:\/\/wspomozycielka-lodz.pl\/index.php?rest_route=%2Fwp%2Fv2%2Fcomments&post=1153"}],"version-history":[{"count":1,"href":"https:\/\/wspomozycielka-lodz.pl\/index.php?rest_route=\/wp\/v2\/posts\/1153\/revisions"}],"predecessor-version":[{"id":1154,"href":"https:\/\/wspomozycielka-lodz.pl\/index.php?rest_route=\/wp\/v2\/posts\/1153\/revisions\/1154"}],"wp:featuredmedia":[{"embeddable":true,"href":"https:\/\/wspomozycielka-lodz.pl\/index.php?rest_route=\/wp\/v2\/media\/619"}],"wp:attachment":[{"href":"https:\/\/wspomozycielka-lodz.pl\/index.php?rest_route=%2Fwp%2Fv2%2Fmedia&parent=1153"}],"wp:term":[{"taxonomy":"category","embeddable":true,"href":"https:\/\/wspomozycielka-lodz.pl\/index.php?rest_route=%2Fwp%2Fv2%2Fcategories&post=1153"},{"taxonomy":"post_tag","embeddable":true,"href":"https:\/\/wspomozycielka-lodz.pl\/index.php?rest_route=%2Fwp%2Fv2%2Ftags&post=1153"}],"curies":[{"name":"wp","href":"https:\/\/api.w.org\/{rel}","templated":true}]}}