{"id":1100,"date":"2026-03-16T00:02:44","date_gmt":"2026-03-15T23:02:44","guid":{"rendered":"https:\/\/wspomozycielka-lodz.pl\/?p=1100"},"modified":"2026-03-16T00:02:44","modified_gmt":"2026-03-15T23:02:44","slug":"ogloszenia-parafialne-15-03-2026","status":"publish","type":"post","link":"https:\/\/wspomozycielka-lodz.pl\/?p=1100","title":{"rendered":"OG\u0141OSZENIA PARAFIALNE (15.03.2026)"},"content":{"rendered":"\n<p>1. Nabo\u017ce\u0144stwa wielkopostne:<\/p>\n\n\n\n<ul class=\"wp-block-list\">\n<li>Droga Krzy\u017cowa w pi\u0105tki: dla dzieci o godz. 16.30; dla doros\u0142ych o godz. 17.15.<\/li>\n\n\n\n<li>Gorzkie \u017bale z kazaniem pasyjnym w niedziele o godz. 17.15.<\/li>\n<\/ul>\n\n\n\n<p>2. Nowenna do \u015bw. J\u00f3zefa i Maryi Wspomo\u017cycielki dzi\u015b o godz. 17.15; od poniedzia\u0142ku do \u015brody o 17.30, a od czwartku sama nowenna do Maryi Wspomo\u017cycielki o 17.40.<\/p>\n\n\n\n<p>3. We wtorek na Mszy wieczornej b\u0119dziemy si\u0119 modli\u0107 za ks. Zbigniewa Kulesz\u0119 w dniu jego imienin.<\/p>\n\n\n\n<p>4. W czwartek obchodzimy uroczysto\u015b\u0107 \u015bw. J\u00f3zefa, Oblubie\u0144ca NMP. Na Mszy wieczornej b\u0119dziemy si\u0119 modli\u0107 za ks. J\u00f3zefa Pietrusika w dniu jego imienin. Po Mszy wieczornej adoracja Naj\u015bwi\u0119tszego Sakramentu.<\/p>\n\n\n\n<p>5. W pi\u0105tek zapraszamy na Droga Krzy\u017cowa mi\u0119dzyparafialn\u0105, kt\u00f3ra rozpocznie si\u0119 o godz. 19.00 w naszym ko\u015bciele i zako\u0144czy w ko\u015bciele \u015bw. Piotra i Paw\u0142a.<\/p>\n\n\n\n<p>6. W przysz\u0142\u0105 niedziel\u0119 na Msz\u0119 \u015bw. o godz. 11.30 i spotkanie po niej zapraszamy dzieci przygotowuj\u0105ce si\u0119 do pierwszej Komunii \u015awi\u0119tej i ich rodzic\u00f3w.<\/p>\n\n\n\n<p>7. W przysz\u0142\u0105 niedziel\u0119 po Mszy \u015bw. o godz. 11.30 b\u0119dzie spotkanie Salezjan\u00f3w Wsp\u00f3\u0142pracownik\u00f3w.<\/p>\n\n\n\n<p>8. W przysz\u0142\u0105 niedziel\u0119 rozpoczniemy parafialne rekolekcje wielkopostne, kt\u00f3re wyg\u0142osi nam ks. Micha\u0142 Chor\u0105\u017cy, salezjanin pracuj\u0105cy o\u015brodku socjoterapeutycznym dla m\u0142odzie\u017cy w R\u00f3\u017canymstoku.<\/p>\n\n\n\n<p>9. W sklepiku parafialnym dost\u0119pne s\u0105 \u015bwiece wielkanocne i baranki.<\/p>\n\n\n\n<p>10. W przysz\u0142\u0105 sobot\u0119 o godz. 19.00 zapraszamy na spektakl \u201ePasja\u201d Teatru A z Gliwic. Jest to przedstawienie wyrastaj\u0105ce z inspiracji \u015bredniowiecznymi misteriami wielkopostnymi, a zarazem konstruowane j\u0119zykiem teatru wsp\u00f3\u0142czesnego. W efekcie powstaje widowisko, kt\u00f3re prowadzi widza przez ewangeliczne wydarzenia &#8211; od triumfalnego wjazdu do Jerozolimy a\u017c po poranek Zmartwychwstania. <\/p>\n\n\n\n<p>11. Z naszej wsp\u00f3lnoty parafialnej do wieczno\u015bci odeszli: W\u0142odzimierz Bia\u0142ecki, lat 71; Leon Durzy\u0144ski, lat 85. <em>Wieczny odpoczynek racz im da\u0107, Panie<\/em>&#8230;<\/p>\n","protected":false},"excerpt":{"rendered":"<p>1. Nabo\u017ce\u0144stwa wielkopostne: 2. Nowenna do \u015bw. J\u00f3zefa i Maryi Wspomo\u017cycielki dzi\u015b o godz. 17.15; od poniedzia\u0142ku do \u015brody o 17.30, a od czwartku sama nowenna do Maryi Wspomo\u017cycielki o 17.40. 3. We wtorek na Mszy wieczornej b\u0119dziemy si\u0119 modli\u0107 za ks. Zbigniewa Kulesz\u0119 w dniu jego imienin. 4. W [&hellip;]<\/p>\n","protected":false},"author":2,"featured_media":619,"comment_status":"closed","ping_status":"closed","sticky":false,"template":"","format":"standard","meta":{"footnotes":""},"categories":[2],"tags":[],"class_list":["post-1100","post","type-post","status-publish","format-standard","has-post-thumbnail","hentry","category-aktualnosci"],"_links":{"self":[{"href":"https:\/\/wspomozycielka-lodz.pl\/index.php?rest_route=\/wp\/v2\/posts\/1100","targetHints":{"allow":["GET"]}}],"collection":[{"href":"https:\/\/wspomozycielka-lodz.pl\/index.php?rest_route=\/wp\/v2\/posts"}],"about":[{"href":"https:\/\/wspomozycielka-lodz.pl\/index.php?rest_route=\/wp\/v2\/types\/post"}],"author":[{"embeddable":true,"href":"https:\/\/wspomozycielka-lodz.pl\/index.php?rest_route=\/wp\/v2\/users\/2"}],"replies":[{"embeddable":true,"href":"https:\/\/wspomozycielka-lodz.pl\/index.php?rest_route=%2Fwp%2Fv2%2Fcomments&post=1100"}],"version-history":[{"count":1,"href":"https:\/\/wspomozycielka-lodz.pl\/index.php?rest_route=\/wp\/v2\/posts\/1100\/revisions"}],"predecessor-version":[{"id":1101,"href":"https:\/\/wspomozycielka-lodz.pl\/index.php?rest_route=\/wp\/v2\/posts\/1100\/revisions\/1101"}],"wp:featuredmedia":[{"embeddable":true,"href":"https:\/\/wspomozycielka-lodz.pl\/index.php?rest_route=\/wp\/v2\/media\/619"}],"wp:attachment":[{"href":"https:\/\/wspomozycielka-lodz.pl\/index.php?rest_route=%2Fwp%2Fv2%2Fmedia&parent=1100"}],"wp:term":[{"taxonomy":"category","embeddable":true,"href":"https:\/\/wspomozycielka-lodz.pl\/index.php?rest_route=%2Fwp%2Fv2%2Fcategories&post=1100"},{"taxonomy":"post_tag","embeddable":true,"href":"https:\/\/wspomozycielka-lodz.pl\/index.php?rest_route=%2Fwp%2Fv2%2Ftags&post=1100"}],"curies":[{"name":"wp","href":"https:\/\/api.w.org\/{rel}","templated":true}]}}