{"id":1082,"date":"2026-01-24T10:55:25","date_gmt":"2026-01-24T09:55:25","guid":{"rendered":"https:\/\/wspomozycielka-lodz.pl\/?p=1082"},"modified":"2026-01-24T10:55:26","modified_gmt":"2026-01-24T09:55:26","slug":"ogloszenia-parafialne-25-01-2026","status":"publish","type":"post","link":"https:\/\/wspomozycielka-lodz.pl\/?p=1082","title":{"rendered":"OG\u0141OSZENIA PARAFIALNE (25.01.2026)"},"content":{"rendered":"\n<p>1. Nowenna do przed uroczysto\u015bci\u0105 \u015bw. Jana Bosko o godz. 17.40.<\/p>\n\n\n\n<p>2. W czwartek po Mszy wieczornej adoracja Naj\u015bwi\u0119tszego Sakramentu.<\/p>\n\n\n\n<p>3. W przysz\u0142\u0105 sobot\u0119 obchodzimy uroczysto\u015b\u0107 \u015bw. Jana Bosko, za\u0142o\u017cyciela Zgromadzenia Salezja\u0144skiego i Rodziny Salezja\u0144skiej. O godz. 12.00 uroczysta Eucharystia w intencji dobrodziej\u00f3w dzie\u0142a salezja\u0144skiego na Wodnej.<\/p>\n\n\n\n<p>4. Zapraszamy dzi\u015b po Mszy \u015bw. o godz. 11.30 na koncert kol\u0119d w wykonaniu Ch\u00f3ru \u017be\u0144skiego Eufeme.<\/p>\n\n\n\n<p>5. W czasie ferii zimowych nasze oratorium b\u0119dzie prowadzi\u0107 zaj\u0119cia dla dzieci i m\u0142odzie\u017cy z plac\u00f3wki wsparcia dziennego i zapisanych do oratorium. Zapewniamy opiek\u0119, wyj\u015bcia, realizacj\u0119 programu wychowawczego, pocz\u0119stunek od poniedzia\u0142ku do pi\u0105tku w godzinach od 10.00 do 16.00. Wype\u0142nione zgody nale\u017cy dostarczy\u0107 do 27 stycznia do wychowawc\u00f3w w biurze oratorium lub do ks. kierownika Piotra.<\/p>\n\n\n\n<p>6. Dzi\u015b mo\u017cna wesprze\u0107 ofiar\u0105 do puszki feryjne zaj\u0119cia organizowane przez nasze oratorium. Za ten dar serca dla dzieci z ubo\u017cszych rodzin sk\u0142adamy serdeczne \u201eB\u00f3g zap\u0142a\u0107\u201d.<\/p>\n\n\n\n<p>7. Ostatni dzie\u0144 kol\u0119dy w poniedzia\u0142ek 26.01 \u2013 ul. Wodna 41, 43, 45, 47.<\/p>\n\n\n\n<p>8. Zesp\u00f3\u0142 Szk\u00f3\u0142 Salezja\u0144skich w \u0141odzi zaprasza na Pielgrzymk\u0119 do W\u0142och z Ksi\u0119dzem Bosko w terminie od 30 czerwca do 9 lipca 2026 r. Osoby zdecydowane na wyjazd proszone s\u0105 o pobranie druku umowy w sekretariacie szko\u0142y i zwr\u00f3cenie wype\u0142nionej umowy wraz z potwierdzeniem przelewu pierwszej raty &#8211; 1300 z\u0142, p\u0142atnej do 5 lutego 2026 r. Ca\u0142kowity koszt pielgrzymki wynosi 4480 z\u0142 + 200 euro.<\/p>\n\n\n\n<p>9. Dzi\u015b mo\u017cna z\u0142o\u017cy\u0107 ofiar\u0119 do puszki na Radio Maryja. <\/p>\n\n\n\n<p>10. Z naszej wsp\u00f3lnoty parafialnej do wieczno\u015bci odesz\u0142a: Ma\u0142gorzata Kaczmarczyk, lat 66. <em>Wieczny odpoczynek racz jej da\u0107, Panie<\/em>&#8230;<\/p>\n","protected":false},"excerpt":{"rendered":"<p>1. Nowenna do przed uroczysto\u015bci\u0105 \u015bw. Jana Bosko o godz. 17.40. 2. W czwartek po Mszy wieczornej adoracja Naj\u015bwi\u0119tszego Sakramentu. 3. W przysz\u0142\u0105 sobot\u0119 obchodzimy uroczysto\u015b\u0107 \u015bw. Jana Bosko, za\u0142o\u017cyciela Zgromadzenia Salezja\u0144skiego i Rodziny Salezja\u0144skiej. O godz. 12.00 uroczysta Eucharystia w intencji dobrodziej\u00f3w dzie\u0142a salezja\u0144skiego na Wodnej. 4. Zapraszamy dzi\u015b [&hellip;]<\/p>\n","protected":false},"author":2,"featured_media":619,"comment_status":"closed","ping_status":"closed","sticky":false,"template":"","format":"standard","meta":{"footnotes":""},"categories":[2],"tags":[],"class_list":["post-1082","post","type-post","status-publish","format-standard","has-post-thumbnail","hentry","category-aktualnosci"],"_links":{"self":[{"href":"https:\/\/wspomozycielka-lodz.pl\/index.php?rest_route=\/wp\/v2\/posts\/1082","targetHints":{"allow":["GET"]}}],"collection":[{"href":"https:\/\/wspomozycielka-lodz.pl\/index.php?rest_route=\/wp\/v2\/posts"}],"about":[{"href":"https:\/\/wspomozycielka-lodz.pl\/index.php?rest_route=\/wp\/v2\/types\/post"}],"author":[{"embeddable":true,"href":"https:\/\/wspomozycielka-lodz.pl\/index.php?rest_route=\/wp\/v2\/users\/2"}],"replies":[{"embeddable":true,"href":"https:\/\/wspomozycielka-lodz.pl\/index.php?rest_route=%2Fwp%2Fv2%2Fcomments&post=1082"}],"version-history":[{"count":1,"href":"https:\/\/wspomozycielka-lodz.pl\/index.php?rest_route=\/wp\/v2\/posts\/1082\/revisions"}],"predecessor-version":[{"id":1083,"href":"https:\/\/wspomozycielka-lodz.pl\/index.php?rest_route=\/wp\/v2\/posts\/1082\/revisions\/1083"}],"wp:featuredmedia":[{"embeddable":true,"href":"https:\/\/wspomozycielka-lodz.pl\/index.php?rest_route=\/wp\/v2\/media\/619"}],"wp:attachment":[{"href":"https:\/\/wspomozycielka-lodz.pl\/index.php?rest_route=%2Fwp%2Fv2%2Fmedia&parent=1082"}],"wp:term":[{"taxonomy":"category","embeddable":true,"href":"https:\/\/wspomozycielka-lodz.pl\/index.php?rest_route=%2Fwp%2Fv2%2Fcategories&post=1082"},{"taxonomy":"post_tag","embeddable":true,"href":"https:\/\/wspomozycielka-lodz.pl\/index.php?rest_route=%2Fwp%2Fv2%2Ftags&post=1082"}],"curies":[{"name":"wp","href":"https:\/\/api.w.org\/{rel}","templated":true}]}}