{"id":1080,"date":"2026-01-17T13:01:55","date_gmt":"2026-01-17T12:01:55","guid":{"rendered":"https:\/\/wspomozycielka-lodz.pl\/?p=1080"},"modified":"2026-01-17T13:01:56","modified_gmt":"2026-01-17T12:01:56","slug":"ogloszenia-parafialne-18-01-2026","status":"publish","type":"post","link":"https:\/\/wspomozycielka-lodz.pl\/?p=1080","title":{"rendered":"OG\u0141OSZENIA PARAFIALNE (18.01.2026)"},"content":{"rendered":"\n<p>1. Nowenna do Maryi Wspomo\u017cycielki do \u015brody o godz. 17.40. W czwartek i pi\u0105tek nowenna do Maryi Wspomo\u017cycielki wraz z nowenn\u0105 przed uroczysto\u015bci\u0105 \u015bw. Jana Bosko o godz. 17.30. W sobot\u0119 ho\u0142d ku czci Maryi Wspomo\u017cycielki i nowenna przed uroczysto\u015bci\u0105 \u015bw. Jana Bosko o godz. 17.15.<\/p>\n\n\n\n<p>2. W czwartek po Mszy wieczornej adoracja Naj\u015bwi\u0119tszego Sakramentu.<\/p>\n\n\n\n<p>3. W przysz\u0142\u0105 niedziel\u0119 na Msz\u0119 \u015bw. o godz. 11.30 i spotkanie po niej zapraszamy dzieci przygotowuj\u0105ce si\u0119 do pierwszej Komunii \u015awi\u0119tej i ich rodzic\u00f3w.<\/p>\n\n\n\n<p>4. W przysz\u0142\u0105 niedziel\u0119 po Mszy \u015bw. o godz. 11.30 zapraszamy na koncert kol\u0119d w wykonaniu Ch\u00f3ru \u017be\u0144skiego Eufeme, dzia\u0142aj\u0105cego w ramach Stowarzyszenia Brzmienie \u0141odzi. Ch\u00f3r mia\u0142 okazj\u0119 ju\u017c wyst\u0105pi\u0107 z repertuarem kol\u0119dowym w naszej parafii. Podczas tegorocznego koncertu kol\u0119d w repertuarze znajd\u0105 si\u0119: tradycyjne polskie kol\u0119dy, kancjona\u0142y Opactwa Mniszek Benedyktynek w Stani\u0105tkach, a tak\u017ce znane \u015bwi\u0105teczne utwory angloj\u0119zyczne. Dyryguje: Aleksandra Orczykowska-Piotrowska. Serdecznie zapraszamy.<\/p>\n\n\n\n<p>5. W czasie ferii zimowych nasze oratorium b\u0119dzie prowadzi\u0107 zaj\u0119cia dla dzieci i m\u0142odzie\u017cy z plac\u00f3wki wsparcia dziennego i zapisanych do oratorium. Zapewniamy opiek\u0119, wyj\u015bcia, realizacj\u0119 programu wychowawczego, pocz\u0119stunek od poniedzia\u0142ku do pi\u0105tku w godzinach od 10.00 do 16.00. Wype\u0142nione zgody nale\u017cy dostarczy\u0107 do 27 stycznia do wychowawc\u00f3w w biurze oratorium lub do ks. kierownika Piotra.<\/p>\n\n\n\n<p>6. Dzi\u015b i w przysz\u0142\u0105 niedziel\u0119 mo\u017cna wesprze\u0107 ofiar\u0105 do puszki feryjne zaj\u0119cia organizowane przez nasze oratorium. Za ten dar serca dla dzieci z ubo\u017cszych rodzin sk\u0142adamy serdeczne \u201eB\u00f3g zap\u0142a\u0107\u201d.<\/p>\n\n\n\n<p>7. Terminy kol\u0119dy w najbli\u017cszym tygodniu: poniedzia\u0142ek 19.01 \u2013 ul. Wodna 17; wtorek 20.01 \u2013 ul. Wodna 21 &#8211; 23, 23a; \u015broda 21.01 \u2013 ul. Wodna 25-33 + 38; czwartek 22.01 \u2013 ul. Wodna 39 + 42; pi\u0105tek 23.01 \u2013 ul. Wodna 35-37.<\/p>\n\n\n\n<p>8. Rozpocz\u0119\u0142a si\u0119 rekrutacja na nowy rok szkolny do naszego technikum i szko\u0142y bran\u017cowej I i II stopnia. Szko\u0142y kszta\u0142c\u0105 przysz\u0142ych mechatronik\u00f3w, specjalist\u00f3w od elektromobilno\u015bci oraz informatyk\u00f3w w zakresie cyberbezpiecze\u0144stwa i sztucznej inteligencji. Pierwszy z dni otwartych w przysz\u0142\u0105 niedziel\u0119 o godz. 10.00. Szczeg\u00f3\u0142owe informacje na stronie: szkolyrzemiosl.edu.pl.<\/p>\n\n\n\n<p>9. Zesp\u00f3\u0142 Szk\u00f3\u0142 Salezja\u0144skich w \u0141odzi zaprasza na Pielgrzymk\u0119 do W\u0142och z Ksi\u0119dzem Bosko &#8211; Tam, gdzie wszystko si\u0119 zacz\u0119\u0142o w terminie od 30 czerwca do 9 lipca 2026 r. Pielgrzymka jest organizowana przez Biuro turystyczno-pielgrzymkowe Frater. Na trasie pielgrzymki s\u0105 Padwa, Werona, Mediolan, Wenecja, Turyn oraz jezioro Garda. Osoby zdecydowane na wyjazd proszone s\u0105 o pobranie druku umowy w sekretariacie szko\u0142y i zwr\u00f3cenie wype\u0142nionej umowy wraz z potwierdzeniem przelewu pierwszej raty. Kwota I raty to 1300 z\u0142, p\u0142atna do 5 lutego 2026 r. Ca\u0142kowity koszt pielgrzymki wynosi 4480 z\u0142 + 200 euro. <\/p>\n\n\n\n<p>10. Z naszej wsp\u00f3lnoty parafialnej do wieczno\u015bci odesz\u0142a: Jadwiga Gumi\u0144ska, lat 90. <em>Wieczny odpoczynek racz jej da\u0107, Panie<\/em>&#8230;<\/p>\n","protected":false},"excerpt":{"rendered":"<p>1. Nowenna do Maryi Wspomo\u017cycielki do \u015brody o godz. 17.40. W czwartek i pi\u0105tek nowenna do Maryi Wspomo\u017cycielki wraz z nowenn\u0105 przed uroczysto\u015bci\u0105 \u015bw. Jana Bosko o godz. 17.30. W sobot\u0119 ho\u0142d ku czci Maryi Wspomo\u017cycielki i nowenna przed uroczysto\u015bci\u0105 \u015bw. Jana Bosko o godz. 17.15. 2. W czwartek po [&hellip;]<\/p>\n","protected":false},"author":2,"featured_media":619,"comment_status":"closed","ping_status":"closed","sticky":false,"template":"","format":"standard","meta":{"footnotes":""},"categories":[2],"tags":[],"class_list":["post-1080","post","type-post","status-publish","format-standard","has-post-thumbnail","hentry","category-aktualnosci"],"_links":{"self":[{"href":"https:\/\/wspomozycielka-lodz.pl\/index.php?rest_route=\/wp\/v2\/posts\/1080","targetHints":{"allow":["GET"]}}],"collection":[{"href":"https:\/\/wspomozycielka-lodz.pl\/index.php?rest_route=\/wp\/v2\/posts"}],"about":[{"href":"https:\/\/wspomozycielka-lodz.pl\/index.php?rest_route=\/wp\/v2\/types\/post"}],"author":[{"embeddable":true,"href":"https:\/\/wspomozycielka-lodz.pl\/index.php?rest_route=\/wp\/v2\/users\/2"}],"replies":[{"embeddable":true,"href":"https:\/\/wspomozycielka-lodz.pl\/index.php?rest_route=%2Fwp%2Fv2%2Fcomments&post=1080"}],"version-history":[{"count":1,"href":"https:\/\/wspomozycielka-lodz.pl\/index.php?rest_route=\/wp\/v2\/posts\/1080\/revisions"}],"predecessor-version":[{"id":1081,"href":"https:\/\/wspomozycielka-lodz.pl\/index.php?rest_route=\/wp\/v2\/posts\/1080\/revisions\/1081"}],"wp:featuredmedia":[{"embeddable":true,"href":"https:\/\/wspomozycielka-lodz.pl\/index.php?rest_route=\/wp\/v2\/media\/619"}],"wp:attachment":[{"href":"https:\/\/wspomozycielka-lodz.pl\/index.php?rest_route=%2Fwp%2Fv2%2Fmedia&parent=1080"}],"wp:term":[{"taxonomy":"category","embeddable":true,"href":"https:\/\/wspomozycielka-lodz.pl\/index.php?rest_route=%2Fwp%2Fv2%2Fcategories&post=1080"},{"taxonomy":"post_tag","embeddable":true,"href":"https:\/\/wspomozycielka-lodz.pl\/index.php?rest_route=%2Fwp%2Fv2%2Ftags&post=1080"}],"curies":[{"name":"wp","href":"https:\/\/api.w.org\/{rel}","templated":true}]}}