{"id":1072,"date":"2025-12-28T16:13:48","date_gmt":"2025-12-28T15:13:48","guid":{"rendered":"https:\/\/wspomozycielka-lodz.pl\/?p=1072"},"modified":"2025-12-28T16:13:49","modified_gmt":"2025-12-28T15:13:49","slug":"ogloszenia-parafialne-28-12-2025","status":"publish","type":"post","link":"https:\/\/wspomozycielka-lodz.pl\/?p=1072","title":{"rendered":"OG\u0141OSZENIA PARAFIALNE (28.12.2025)"},"content":{"rendered":"\n<p>1. W \u015brod\u0119 obchodzimy wspomnienie miesi\u0119czne Ksi\u0119dza Bosko. Jest to te\u017c ostatni dzie\u0144 roku kalendarzowego, dlatego zapraszamy na nabo\u017ce\u0144stwo o godz. 17.00.<\/p>\n\n\n\n<p>2. W czwartek, w pierwszy dzie\u0144 nowego Roku Pa\u0144skiego 2026, obchodzimy uroczysto\u015b\u0107 Bo\u017cej Rodzicielki Maryi, kt\u00f3ra ko\u0144czy oktaw\u0119 Narodzenia Pa\u0144skiego. Msze \u015bw. jak w niedziel\u0119. Przypominamy, \u017ce w tym dniu jest obowi\u0105zek uczestniczenia w Mszy \u015bw. Nie b\u0119dzie w ten czwartek wieczornej adoracji.<\/p>\n\n\n\n<p>3. W pi\u0105tek przed po\u0142udniem odwiedziny chorych. Od godz. 15.00 Godzina Mi\u0142osierdzia i adoracja Naj\u015bwi\u0119tszego Sakramentu. Po Mszy wieczornej spotkanie wsp\u00f3lnoty Stra\u017cy Honorowej NSPJ.<\/p>\n\n\n\n<p>4. W sobot\u0119 po Mszy porannej nabo\u017ce\u0144stwo i wymiana tajemnic r\u00f3\u017ca\u0144cowych, a po Mszy wieczornej o godz. 19.00 r\u00f3\u017caniec prowadzony przez wsp\u00f3lnot\u0119 \u017bywego R\u00f3\u017ca\u0144ca.<\/p>\n\n\n\n<p>5. Nasze Oratorium zaprasza dzieci, m\u0142odzie\u017c, rodziny i wszystkich ch\u0119tnych na Rodzinne Kol\u0119dowanie przy szopce. Spotkanie ze \u015bpiewem kol\u0119d odb\u0119dzie si\u0119 w nast\u0119pn\u0105 niedziel\u0119, 4 stycznia, po Mszy \u015bw. o godz. 11.30.<\/p>\n\n\n\n<p>6. Serdecznie dzi\u0119kuj\u0119 wszystkim, kt\u00f3rzy anga\u017cowali si\u0119 w przygotowanie ko\u015bcio\u0142a do \u015bwi\u0105t: choinki, dekoracje, sprz\u0105tanie.<\/p>\n\n\n\n<p>7. Terminy kol\u0119dy w najbli\u017cszym tygodniu: poniedzia\u0142ek 29.12 \u2013 Pl. Zwyci\u0119stwa i ul. Wysoka; wtorek 30.12 \u2013 ul. Dowborczyk\u00f3w; pi\u0105tek 2.01 &#8211; ul. Z\u0142ota i ul. Nawrot 54-68. Wszystkie terminy s\u0105 wywieszone w gablocie i umieszczone na stronie internetowej parafii. Je\u015bli kto\u015b nie mo\u017ce w danym dniu przyj\u0105\u0107 kap\u0142ana, a chcia\u0142by w innym terminie, prosz\u0119 o bezpo\u015bredni kontakt ze mn\u0105 w celu ustalenia dogodnego terminu. <\/p>\n\n\n\n<p>8. Dzi\u015b mo\u017cna z\u0142o\u017cy\u0107 ofiar\u0119 na Radio Maryja.<\/p>\n","protected":false},"excerpt":{"rendered":"<p>1. W \u015brod\u0119 obchodzimy wspomnienie miesi\u0119czne Ksi\u0119dza Bosko. Jest to te\u017c ostatni dzie\u0144 roku kalendarzowego, dlatego zapraszamy na nabo\u017ce\u0144stwo o godz. 17.00. 2. W czwartek, w pierwszy dzie\u0144 nowego Roku Pa\u0144skiego 2026, obchodzimy uroczysto\u015b\u0107 Bo\u017cej Rodzicielki Maryi, kt\u00f3ra ko\u0144czy oktaw\u0119 Narodzenia Pa\u0144skiego. Msze \u015bw. jak w niedziel\u0119. Przypominamy, \u017ce w [&hellip;]<\/p>\n","protected":false},"author":2,"featured_media":619,"comment_status":"closed","ping_status":"closed","sticky":false,"template":"","format":"standard","meta":{"footnotes":""},"categories":[2],"tags":[],"class_list":["post-1072","post","type-post","status-publish","format-standard","has-post-thumbnail","hentry","category-aktualnosci"],"_links":{"self":[{"href":"https:\/\/wspomozycielka-lodz.pl\/index.php?rest_route=\/wp\/v2\/posts\/1072","targetHints":{"allow":["GET"]}}],"collection":[{"href":"https:\/\/wspomozycielka-lodz.pl\/index.php?rest_route=\/wp\/v2\/posts"}],"about":[{"href":"https:\/\/wspomozycielka-lodz.pl\/index.php?rest_route=\/wp\/v2\/types\/post"}],"author":[{"embeddable":true,"href":"https:\/\/wspomozycielka-lodz.pl\/index.php?rest_route=\/wp\/v2\/users\/2"}],"replies":[{"embeddable":true,"href":"https:\/\/wspomozycielka-lodz.pl\/index.php?rest_route=%2Fwp%2Fv2%2Fcomments&post=1072"}],"version-history":[{"count":1,"href":"https:\/\/wspomozycielka-lodz.pl\/index.php?rest_route=\/wp\/v2\/posts\/1072\/revisions"}],"predecessor-version":[{"id":1073,"href":"https:\/\/wspomozycielka-lodz.pl\/index.php?rest_route=\/wp\/v2\/posts\/1072\/revisions\/1073"}],"wp:featuredmedia":[{"embeddable":true,"href":"https:\/\/wspomozycielka-lodz.pl\/index.php?rest_route=\/wp\/v2\/media\/619"}],"wp:attachment":[{"href":"https:\/\/wspomozycielka-lodz.pl\/index.php?rest_route=%2Fwp%2Fv2%2Fmedia&parent=1072"}],"wp:term":[{"taxonomy":"category","embeddable":true,"href":"https:\/\/wspomozycielka-lodz.pl\/index.php?rest_route=%2Fwp%2Fv2%2Fcategories&post=1072"},{"taxonomy":"post_tag","embeddable":true,"href":"https:\/\/wspomozycielka-lodz.pl\/index.php?rest_route=%2Fwp%2Fv2%2Ftags&post=1072"}],"curies":[{"name":"wp","href":"https:\/\/api.w.org\/{rel}","templated":true}]}}