{"id":1068,"date":"2025-12-26T16:35:49","date_gmt":"2025-12-26T15:35:49","guid":{"rendered":"https:\/\/wspomozycielka-lodz.pl\/?p=1068"},"modified":"2025-12-26T16:35:50","modified_gmt":"2025-12-26T15:35:50","slug":"zyczenia-swiateczne-4","status":"publish","type":"post","link":"https:\/\/wspomozycielka-lodz.pl\/?p=1068","title":{"rendered":"\u017byczenia \u015bwi\u0105teczne"},"content":{"rendered":"\n<p><strong>Drodzy Parafianie, Cz\u0142onkowie Rodziny Salezja\u0144skiej, wszyscy tworz\u0105cy spo\u0142eczno\u015b\u0107 naszych poszczeg\u00f3lnych dzie\u0142 salezja\u0144skich na Wodnej, Go\u015bcie i Sympatycy!<\/strong><\/p>\n\n\n\n<p>Z okazji \u015bwi\u0105t Narodzenia Pa\u0144skiego sk\u0142adam serdeczne \u017cyczenia: niech Syn Bo\u017cy, kt\u00f3ry z mi\u0142o\u015bci do nas uni\u017cy\u0142 samego siebie stawszy si\u0119 cz\u0142owiekiem, wzniesie nasze serca ku Bogu, aby\u015bmy obdarowani Jego b\u0142ogos\u0142awie\u0144stwem i \u0142askami stawali si\u0119 ka\u017cdego dnia coraz bardziej do Niego podobni w mi\u0142o\u015bci.<\/p>\n\n\n\n<p>&nbsp;Z darem modlitwy<\/p>\n\n\n\n<p>Ks. Przemys\u0142aw Solarski SDB proboszcz<\/p>\n","protected":false},"excerpt":{"rendered":"<p>Drodzy Parafianie, Cz\u0142onkowie Rodziny Salezja\u0144skiej, wszyscy tworz\u0105cy spo\u0142eczno\u015b\u0107 naszych poszczeg\u00f3lnych dzie\u0142 salezja\u0144skich na Wodnej, Go\u015bcie i Sympatycy! Z okazji \u015bwi\u0105t Narodzenia Pa\u0144skiego sk\u0142adam serdeczne \u017cyczenia: niech Syn Bo\u017cy, kt\u00f3ry z mi\u0142o\u015bci do nas uni\u017cy\u0142 samego siebie stawszy si\u0119 cz\u0142owiekiem, wzniesie nasze serca ku Bogu, aby\u015bmy obdarowani Jego b\u0142ogos\u0142awie\u0144stwem i \u0142askami [&hellip;]<\/p>\n","protected":false},"author":2,"featured_media":1070,"comment_status":"closed","ping_status":"closed","sticky":false,"template":"","format":"standard","meta":{"footnotes":""},"categories":[2],"tags":[],"class_list":["post-1068","post","type-post","status-publish","format-standard","has-post-thumbnail","hentry","category-aktualnosci"],"_links":{"self":[{"href":"https:\/\/wspomozycielka-lodz.pl\/index.php?rest_route=\/wp\/v2\/posts\/1068","targetHints":{"allow":["GET"]}}],"collection":[{"href":"https:\/\/wspomozycielka-lodz.pl\/index.php?rest_route=\/wp\/v2\/posts"}],"about":[{"href":"https:\/\/wspomozycielka-lodz.pl\/index.php?rest_route=\/wp\/v2\/types\/post"}],"author":[{"embeddable":true,"href":"https:\/\/wspomozycielka-lodz.pl\/index.php?rest_route=\/wp\/v2\/users\/2"}],"replies":[{"embeddable":true,"href":"https:\/\/wspomozycielka-lodz.pl\/index.php?rest_route=%2Fwp%2Fv2%2Fcomments&post=1068"}],"version-history":[{"count":1,"href":"https:\/\/wspomozycielka-lodz.pl\/index.php?rest_route=\/wp\/v2\/posts\/1068\/revisions"}],"predecessor-version":[{"id":1071,"href":"https:\/\/wspomozycielka-lodz.pl\/index.php?rest_route=\/wp\/v2\/posts\/1068\/revisions\/1071"}],"wp:featuredmedia":[{"embeddable":true,"href":"https:\/\/wspomozycielka-lodz.pl\/index.php?rest_route=\/wp\/v2\/media\/1070"}],"wp:attachment":[{"href":"https:\/\/wspomozycielka-lodz.pl\/index.php?rest_route=%2Fwp%2Fv2%2Fmedia&parent=1068"}],"wp:term":[{"taxonomy":"category","embeddable":true,"href":"https:\/\/wspomozycielka-lodz.pl\/index.php?rest_route=%2Fwp%2Fv2%2Fcategories&post=1068"},{"taxonomy":"post_tag","embeddable":true,"href":"https:\/\/wspomozycielka-lodz.pl\/index.php?rest_route=%2Fwp%2Fv2%2Ftags&post=1068"}],"curies":[{"name":"wp","href":"https:\/\/api.w.org\/{rel}","templated":true}]}}