{"id":1066,"date":"2025-12-20T09:55:59","date_gmt":"2025-12-20T08:55:59","guid":{"rendered":"https:\/\/wspomozycielka-lodz.pl\/?p=1066"},"modified":"2025-12-20T09:55:59","modified_gmt":"2025-12-20T08:55:59","slug":"ogloszenia-parafialne-21-12-2025","status":"publish","type":"post","link":"https:\/\/wspomozycielka-lodz.pl\/?p=1066","title":{"rendered":"OG\u0141OSZENIA PARAFIALNE (21.12.2025)"},"content":{"rendered":"\n<p>1. Msze roratnie w parafii do \u015brody o godz. 7.30, a dla dzieci i m\u0142odzie\u017cy w poniedzia\u0142ek o godz. 6.30.<\/p>\n\n\n\n<p>2. <a>Nowenna przed uroczysto\u015bci\u0105 Bo\u017cego Narodzenia wraz z nowenn\u0105 do Maryi Wspomo\u017cycielki do wtorku o godz. 17.30<\/a>.<\/p>\n\n\n\n<p>3. W \u015brod\u0119 jest Wigilia, dlatego Msza \u015bw. b\u0119dzie tylko rano o godz. 7.30 wraz z ho\u0142dem do Maryi Wspomo\u017cycielki, a po Mszy ostatni dzie\u0144 nowenny do Bo\u017cego Narodzenia.<\/p>\n\n\n\n<p>4. O p\u00f3\u0142nocy z \u015brody na czwartek zapraszamy na uroczyst\u0105 Msz\u0119 \u015bw., tzw. Pasterk\u0119, kt\u00f3r\u0105 rozpoczniemy \u015bwi\u0119towanie Narodzenia Pa\u0144skiego.<\/p>\n\n\n\n<p>5. W czwartek obchodzimy uroczysto\u015b\u0107 Narodzenia Pa\u0144skiego \u2013 Msze \u015bw. jak w niedziel\u0119. Nie b\u0119dzie w ten czwartek wieczornej adoracji.<\/p>\n\n\n\n<p>6. W pi\u0105tek drugi dzie\u0144 \u015bwi\u0119towania Bo\u017cego Narodzenia \u2013 Msze \u015bw. r\u00f3wnie\u017c jak w niedziel\u0119. Ksi\u0105dz Biskup Zbigniew Wo\u0142kowicz, wikariusz generalny Archidiecezji \u0141\u00f3dzkiej, udzieli\u0142 na ten dzie\u0144 dyspensy od przepis\u00f3w dotycz\u0105cych dni pokutnych.<\/p>\n\n\n\n<p>7. W przysz\u0142\u0105 niedziel\u0119, 28 grudnia, obchodzimy \u015bwi\u0119to \u015awi\u0119tej Rodziny.<\/p>\n\n\n\n<p>8. Oratorium zaprasza tak\u017ce dzi\u015b na kiermasz adwentowy przed wej\u015bciem do ko\u015bcio\u0142a.<\/p>\n\n\n\n<p>9. Serdecznie dzi\u0119kuj\u0119 wszystkim, kt\u00f3rzy anga\u017cowali si\u0119 w poniedzia\u0142kowe roraty, zw\u0142aszcza szko\u0142om salezja\u0144skim. We wtorek po Mszy wieczornej ustawimy i udekorujemy choinki w ko\u015bciele. Zapraszamy ch\u0119tnych do pomocy.<\/p>\n\n\n\n<p>10. Dost\u0119pne s\u0105 jeszcze op\u0142atki i ma\u0142e \u015bwiece bo\u017conarodzeniowe.<\/p>\n\n\n\n<p>11. Przed wej\u015bciem do ko\u015bcio\u0142a rodzice chorego na dystrofi\u0119 mi\u0119\u015bniow\u0105 7-letniego Filipa Fiksa zbieraj\u0105 pieni\u0105dze na piln\u0105 terapi\u0119 genow\u0105 dla swojego dziecka. Je\u015bli kto\u015b ma mo\u017cliwo\u015b\u0107, prosimy o wsparcie w tej ich trudnej walce o \u017cycie dziecka. <\/p>\n\n\n\n<p>12. Wizyt\u0119 duszpastersk\u0105 w domach naszych parafian rozpoczniemy od 29 grudnia. Kap\u0142ani b\u0119d\u0105 odwiedza\u0107 domy od godz. 16.00. W poniedzia\u0142ek 29.12 \u2013 Pl. Zwyci\u0119stwa i ul. Wysoka; we wtorek 30.12 \u2013 ul. Dowborczyk\u00f3w. Wszystkie terminy b\u0119d\u0105 wywieszone w gablocie i umieszczone na stronie internetowej parafii. Je\u015bli kto\u015b nie mo\u017ce w danym dniu przyj\u0105\u0107 kap\u0142ana, a chcia\u0142by w innym terminie, prosz\u0119 o bezpo\u015bredni kontakt ze mn\u0105 w celu ustalenia dogodnego terminu.<\/p>\n","protected":false},"excerpt":{"rendered":"<p>1. Msze roratnie w parafii do \u015brody o godz. 7.30, a dla dzieci i m\u0142odzie\u017cy w poniedzia\u0142ek o godz. 6.30. 2. Nowenna przed uroczysto\u015bci\u0105 Bo\u017cego Narodzenia wraz z nowenn\u0105 do Maryi Wspomo\u017cycielki do wtorku o godz. 17.30. 3. W \u015brod\u0119 jest Wigilia, dlatego Msza \u015bw. b\u0119dzie tylko rano o godz. [&hellip;]<\/p>\n","protected":false},"author":2,"featured_media":619,"comment_status":"closed","ping_status":"closed","sticky":false,"template":"","format":"standard","meta":{"footnotes":""},"categories":[2],"tags":[],"class_list":["post-1066","post","type-post","status-publish","format-standard","has-post-thumbnail","hentry","category-aktualnosci"],"_links":{"self":[{"href":"https:\/\/wspomozycielka-lodz.pl\/index.php?rest_route=\/wp\/v2\/posts\/1066","targetHints":{"allow":["GET"]}}],"collection":[{"href":"https:\/\/wspomozycielka-lodz.pl\/index.php?rest_route=\/wp\/v2\/posts"}],"about":[{"href":"https:\/\/wspomozycielka-lodz.pl\/index.php?rest_route=\/wp\/v2\/types\/post"}],"author":[{"embeddable":true,"href":"https:\/\/wspomozycielka-lodz.pl\/index.php?rest_route=\/wp\/v2\/users\/2"}],"replies":[{"embeddable":true,"href":"https:\/\/wspomozycielka-lodz.pl\/index.php?rest_route=%2Fwp%2Fv2%2Fcomments&post=1066"}],"version-history":[{"count":1,"href":"https:\/\/wspomozycielka-lodz.pl\/index.php?rest_route=\/wp\/v2\/posts\/1066\/revisions"}],"predecessor-version":[{"id":1067,"href":"https:\/\/wspomozycielka-lodz.pl\/index.php?rest_route=\/wp\/v2\/posts\/1066\/revisions\/1067"}],"wp:featuredmedia":[{"embeddable":true,"href":"https:\/\/wspomozycielka-lodz.pl\/index.php?rest_route=\/wp\/v2\/media\/619"}],"wp:attachment":[{"href":"https:\/\/wspomozycielka-lodz.pl\/index.php?rest_route=%2Fwp%2Fv2%2Fmedia&parent=1066"}],"wp:term":[{"taxonomy":"category","embeddable":true,"href":"https:\/\/wspomozycielka-lodz.pl\/index.php?rest_route=%2Fwp%2Fv2%2Fcategories&post=1066"},{"taxonomy":"post_tag","embeddable":true,"href":"https:\/\/wspomozycielka-lodz.pl\/index.php?rest_route=%2Fwp%2Fv2%2Ftags&post=1066"}],"curies":[{"name":"wp","href":"https:\/\/api.w.org\/{rel}","templated":true}]}}