{"id":1064,"date":"2025-12-13T12:55:41","date_gmt":"2025-12-13T11:55:41","guid":{"rendered":"https:\/\/wspomozycielka-lodz.pl\/?p=1064"},"modified":"2025-12-13T12:55:42","modified_gmt":"2025-12-13T11:55:42","slug":"ogloszenia-parafialne-14-12-2025","status":"publish","type":"post","link":"https:\/\/wspomozycielka-lodz.pl\/?p=1064","title":{"rendered":"OG\u0141OSZENIA PARAFIALNE (14.12.2025)"},"content":{"rendered":"\n<p>1. Msze roratnie w parafii od poniedzia\u0142ku do soboty o godz. 7.30, a dla dzieci i m\u0142odzie\u017cy w poniedzia\u0142ki o godz. 6.30.<\/p>\n\n\n\n<p>2. W poniedzia\u0142ek rozpoczniemy nowenn\u0119 do Maryi Wspomo\u017cycielki o godz. 17.40.<\/p>\n\n\n\n<p>3. We wtorek rozpoczniemy nowenn\u0119 przed uroczysto\u015bci\u0105 Bo\u017cego Narodzenia, kt\u00f3ra wraz z nowenn\u0105 do Maryi Wspomo\u017cycielki b\u0119dzie o godz. 17.30.<\/p>\n\n\n\n<p>4. W czwartek po Mszy wieczornej adoracja Naj\u015bwi\u0119tszego Sakramentu.<\/p>\n\n\n\n<p>5. W pi\u0105tek na Mszy wieczornej b\u0119dziemy si\u0119 modli\u0107 w intencji ks. Dariusza Husaka z okazji imienin.<\/p>\n\n\n\n<p>6. W sklepiku parafialnym oraz przed wej\u015bciem do ko\u015bcio\u0142a s\u0105 dost\u0119pne op\u0142atki i \u015bwiece bo\u017conarodzeniowe.<\/p>\n\n\n\n<p>7. Oratorium zaprasza na kiermasz adwentowy dzi\u015b i 21 grudnia. Po Mszach \u015bw. mo\u017cna naby\u0107 pierniki, sianko, ozdoby i kartki \u015bwi\u0105teczne oraz z\u0142o\u017cy\u0107 ofiar\u0119 na dzieci i m\u0142odzie\u017c z Oratorium. Za ka\u017cde wsparcie i pomoc, ju\u017c teraz, serdecznie dzi\u0119kujemy.<\/p>\n\n\n\n<p>8. Dzi\u015b przeprowadzana jest zbi\u00f3rka ofiar do puszek na Fundusz Ochrony Macierzy\u0144stwa im. Stanis\u0142awy Leszczy\u0144skiej. <\/p>\n\n\n\n<p>9. Z naszej wsp\u00f3lnoty parafialnej do wieczno\u015bci odszed\u0142: Krzysztof Marszal, lat 77. <em>Wieczny odpoczynek racz mu da\u0107, Panie<\/em>&#8230;<\/p>\n","protected":false},"excerpt":{"rendered":"<p>1. Msze roratnie w parafii od poniedzia\u0142ku do soboty o godz. 7.30, a dla dzieci i m\u0142odzie\u017cy w poniedzia\u0142ki o godz. 6.30. 2. W poniedzia\u0142ek rozpoczniemy nowenn\u0119 do Maryi Wspomo\u017cycielki o godz. 17.40. 3. We wtorek rozpoczniemy nowenn\u0119 przed uroczysto\u015bci\u0105 Bo\u017cego Narodzenia, kt\u00f3ra wraz z nowenn\u0105 do Maryi Wspomo\u017cycielki b\u0119dzie [&hellip;]<\/p>\n","protected":false},"author":2,"featured_media":619,"comment_status":"closed","ping_status":"closed","sticky":false,"template":"","format":"standard","meta":{"footnotes":""},"categories":[2],"tags":[],"class_list":["post-1064","post","type-post","status-publish","format-standard","has-post-thumbnail","hentry","category-aktualnosci"],"_links":{"self":[{"href":"https:\/\/wspomozycielka-lodz.pl\/index.php?rest_route=\/wp\/v2\/posts\/1064","targetHints":{"allow":["GET"]}}],"collection":[{"href":"https:\/\/wspomozycielka-lodz.pl\/index.php?rest_route=\/wp\/v2\/posts"}],"about":[{"href":"https:\/\/wspomozycielka-lodz.pl\/index.php?rest_route=\/wp\/v2\/types\/post"}],"author":[{"embeddable":true,"href":"https:\/\/wspomozycielka-lodz.pl\/index.php?rest_route=\/wp\/v2\/users\/2"}],"replies":[{"embeddable":true,"href":"https:\/\/wspomozycielka-lodz.pl\/index.php?rest_route=%2Fwp%2Fv2%2Fcomments&post=1064"}],"version-history":[{"count":1,"href":"https:\/\/wspomozycielka-lodz.pl\/index.php?rest_route=\/wp\/v2\/posts\/1064\/revisions"}],"predecessor-version":[{"id":1065,"href":"https:\/\/wspomozycielka-lodz.pl\/index.php?rest_route=\/wp\/v2\/posts\/1064\/revisions\/1065"}],"wp:featuredmedia":[{"embeddable":true,"href":"https:\/\/wspomozycielka-lodz.pl\/index.php?rest_route=\/wp\/v2\/media\/619"}],"wp:attachment":[{"href":"https:\/\/wspomozycielka-lodz.pl\/index.php?rest_route=%2Fwp%2Fv2%2Fmedia&parent=1064"}],"wp:term":[{"taxonomy":"category","embeddable":true,"href":"https:\/\/wspomozycielka-lodz.pl\/index.php?rest_route=%2Fwp%2Fv2%2Fcategories&post=1064"},{"taxonomy":"post_tag","embeddable":true,"href":"https:\/\/wspomozycielka-lodz.pl\/index.php?rest_route=%2Fwp%2Fv2%2Ftags&post=1064"}],"curies":[{"name":"wp","href":"https:\/\/api.w.org\/{rel}","templated":true}]}}