{"id":1062,"date":"2025-12-05T21:22:39","date_gmt":"2025-12-05T20:22:39","guid":{"rendered":"https:\/\/wspomozycielka-lodz.pl\/?p=1062"},"modified":"2025-12-05T21:22:39","modified_gmt":"2025-12-05T20:22:39","slug":"ogloszenia-parafialne-7-12-2025","status":"publish","type":"post","link":"https:\/\/wspomozycielka-lodz.pl\/?p=1062","title":{"rendered":"OG\u0141OSZENIA PARAFIALNE (7.12.2025)"},"content":{"rendered":"\n<p>1. Rozpoczynamy dzi\u015b parafialne rekolekcje adwentowe, kt\u00f3re g\u0142osi nam ks. Stanis\u0142aw Stachal z naszego dzie\u0142a salezja\u0144skiego w Lutomiersku. Potrwaj\u0105 one do wtorku wed\u0142ug normalnego rozk\u0142adu godzin Mszy \u015bw. Ofiary sk\u0142adane przez te dni s\u0105 przeznaczone dla rekolekcjonisty.<\/p>\n\n\n\n<p>2. Dzi\u015b ostatni dzie\u0144 nowenny przed uroczysto\u015bci\u0105 Niepokalanego Pocz\u0119cia NMP o godz. 17.45.<\/p>\n\n\n\n<p>3. Msze roratnie w parafii od poniedzia\u0142ku do soboty o godz. 7.30, a dla dzieci i m\u0142odzie\u017cy w poniedzia\u0142ki o godz. 6.30.<\/p>\n\n\n\n<p>4. W poniedzia\u0142ek obchodzimy uroczysto\u015b\u0107 Niepokalanego Pocz\u0119cia NMP. Msze \u015bw. b\u0119d\u0105 o godz. 6.30, 7.30 i 18.00.<\/p>\n\n\n\n<p>5. W czwartek po Mszy wieczornej adoracja Naj\u015bwi\u0119tszego Sakramentu.<\/p>\n\n\n\n<p>6. W sobot\u0119 zapraszamy wszystkie grupy i wsp\u00f3lnoty parafialne na adwentowe skupienie od godz. 10.00.<\/p>\n\n\n\n<p>7. W przysz\u0142\u0105 niedziel\u0119 po Mszy \u015bw. o godz. 11.30 salezjanie wsp\u00f3\u0142pracownicy b\u0119d\u0105 mieli swoje spotkanie formacyjne.<\/p>\n\n\n\n<p>8. W sklepiku parafialnym oraz przed wej\u015bciem do ko\u015bcio\u0142a s\u0105 dost\u0119pne op\u0142atki i \u015bwiece bo\u017conarodzeniowe.<\/p>\n\n\n\n<p>9. W poniedzia\u0142ek, 8 grudnia, oratorium zaprasza dzieci, m\u0142odzie\u017c, wolontariuszy, lider\u00f3w, animator\u00f3w oraz rodzic\u00f3w, ofiarodawc\u00f3w i przyjaci\u00f3\u0142 na \u015bwi\u0119towanie jubileuszu 25-lecia dzia\u0142alno\u015bci Stowarzyszenia. O 16.30 spotkanie w oratorium z wr\u0119czeniem podzi\u0119kowa\u0144 i tortem, a o 18.00 Msza \u015bw. w ko\u015bciele.<\/p>\n\n\n\n<p>10. Oratorium zaprasza r\u00f3wnie\u017c na kiermasz adwentowy w niedziele 14 i 21 grudnia. Po Mszach \u015bw. b\u0119dzie mo\u017cna naby\u0107 pierniki, sianko, ozdoby i kartki \u015bwi\u0105teczne oraz z\u0142o\u017cy\u0107 ofiar\u0119 na dzieci i m\u0142odzie\u017c z Oratorium. Za ka\u017cde wsparcie i pomoc, ju\u017c teraz, serdecznie dzi\u0119kujemy. <\/p>\n\n\n\n<p>11. Dzi\u015b przeprowadzana jest zbi\u00f3rka ofiar do puszek na potrzeby Ko\u015bcio\u0142a na Wschodzie.<\/p>\n","protected":false},"excerpt":{"rendered":"<p>1. Rozpoczynamy dzi\u015b parafialne rekolekcje adwentowe, kt\u00f3re g\u0142osi nam ks. Stanis\u0142aw Stachal z naszego dzie\u0142a salezja\u0144skiego w Lutomiersku. Potrwaj\u0105 one do wtorku wed\u0142ug normalnego rozk\u0142adu godzin Mszy \u015bw. Ofiary sk\u0142adane przez te dni s\u0105 przeznaczone dla rekolekcjonisty. 2. Dzi\u015b ostatni dzie\u0144 nowenny przed uroczysto\u015bci\u0105 Niepokalanego Pocz\u0119cia NMP o godz. 17.45. [&hellip;]<\/p>\n","protected":false},"author":2,"featured_media":619,"comment_status":"closed","ping_status":"closed","sticky":false,"template":"","format":"standard","meta":{"footnotes":""},"categories":[2],"tags":[],"class_list":["post-1062","post","type-post","status-publish","format-standard","has-post-thumbnail","hentry","category-aktualnosci"],"_links":{"self":[{"href":"https:\/\/wspomozycielka-lodz.pl\/index.php?rest_route=\/wp\/v2\/posts\/1062","targetHints":{"allow":["GET"]}}],"collection":[{"href":"https:\/\/wspomozycielka-lodz.pl\/index.php?rest_route=\/wp\/v2\/posts"}],"about":[{"href":"https:\/\/wspomozycielka-lodz.pl\/index.php?rest_route=\/wp\/v2\/types\/post"}],"author":[{"embeddable":true,"href":"https:\/\/wspomozycielka-lodz.pl\/index.php?rest_route=\/wp\/v2\/users\/2"}],"replies":[{"embeddable":true,"href":"https:\/\/wspomozycielka-lodz.pl\/index.php?rest_route=%2Fwp%2Fv2%2Fcomments&post=1062"}],"version-history":[{"count":1,"href":"https:\/\/wspomozycielka-lodz.pl\/index.php?rest_route=\/wp\/v2\/posts\/1062\/revisions"}],"predecessor-version":[{"id":1063,"href":"https:\/\/wspomozycielka-lodz.pl\/index.php?rest_route=\/wp\/v2\/posts\/1062\/revisions\/1063"}],"wp:featuredmedia":[{"embeddable":true,"href":"https:\/\/wspomozycielka-lodz.pl\/index.php?rest_route=\/wp\/v2\/media\/619"}],"wp:attachment":[{"href":"https:\/\/wspomozycielka-lodz.pl\/index.php?rest_route=%2Fwp%2Fv2%2Fmedia&parent=1062"}],"wp:term":[{"taxonomy":"category","embeddable":true,"href":"https:\/\/wspomozycielka-lodz.pl\/index.php?rest_route=%2Fwp%2Fv2%2Fcategories&post=1062"},{"taxonomy":"post_tag","embeddable":true,"href":"https:\/\/wspomozycielka-lodz.pl\/index.php?rest_route=%2Fwp%2Fv2%2Ftags&post=1062"}],"curies":[{"name":"wp","href":"https:\/\/api.w.org\/{rel}","templated":true}]}}