{"id":1060,"date":"2025-12-05T21:21:15","date_gmt":"2025-12-05T20:21:15","guid":{"rendered":"https:\/\/wspomozycielka-lodz.pl\/?p=1060"},"modified":"2025-12-05T21:21:16","modified_gmt":"2025-12-05T20:21:16","slug":"ogloszenia-parafialne-30-11-2025","status":"publish","type":"post","link":"https:\/\/wspomozycielka-lodz.pl\/?p=1060","title":{"rendered":"OG\u0141OSZENIA PARAFIALNE (30.11.2025)"},"content":{"rendered":"\n<p>1. Dzi\u015b nowenna przed uroczysto\u015bci\u0105 Niepokalanego Pocz\u0119cia NMP wraz z modlitw\u0105 za zmar\u0142ych polecanych w wypominkach o godz. 17.15. Od poniedzia\u0142ku nowenna o godz. 17.45.<\/p>\n\n\n\n<p>2. Msze roratnie w parafii od poniedzia\u0142ku do soboty o godz. 7.30, a dla dzieci i m\u0142odzie\u017cy w poniedzia\u0142ki o godz. 6.30.<\/p>\n\n\n\n<p>3. We wtorek na Mszy wieczornej b\u0119dziemy si\u0119 modli\u0107 za zmar\u0142ych polecanych w wypominkach.<\/p>\n\n\n\n<p>4. W \u015brod\u0119 na Mszy wieczornej b\u0119dziemy si\u0119 modli\u0107 w intencji Ojczyzny. Po Mszy wieczornej spotkanie Wieczernika modlitwy za kap\u0142an\u00f3w.<\/p>\n\n\n\n<p>5. W czwartek na Mszy wieczornej uczcimy \u015bw. Barbar\u0119, patronk\u0119 wsp\u00f3lnoty salezja\u0144skiej na Wodnej oraz b\u0119dziemy si\u0119 modli\u0107 za kap\u0142an\u00f3w i osoby konsekrowane pos\u0142uguj\u0105ce w naszej parafii i o nowe powo\u0142ania. Po Mszy wieczornej adoracja Naj\u015bwi\u0119tszego Sakramentu.<\/p>\n\n\n\n<p>6. W pi\u0105tek przed po\u0142udniem odwiedziny chorych. Od godz. 15.00 Godzina Mi\u0142osierdzia i adoracja Naj\u015bwi\u0119tszego Sakramentu. Po Mszy wieczornej spotkanie wsp\u00f3lnoty Stra\u017cy Honorowej NSPJ.<\/p>\n\n\n\n<p>7. W sobot\u0119 po Mszy porannej nabo\u017ce\u0144stwo i wymiana tajemnic r\u00f3\u017ca\u0144cowych, a po Mszy wieczornej o godz. 19.00 r\u00f3\u017caniec prowadzony przez wsp\u00f3lnot\u0119 \u017bywego R\u00f3\u017ca\u0144ca.<\/p>\n\n\n\n<p>8. W przysz\u0142\u0105 niedziel\u0119 rozpoczniemy parafialne rekolekcje adwentowe, kt\u00f3re wyg\u0142osi nam ks. Stanis\u0142aw Stachal ze wsp\u00f3lnoty salezja\u0144skiej w Lutomiersku.<\/p>\n\n\n\n<p>9. W sklepiku parafialnym oraz przed wej\u015bciem do ko\u015bcio\u0142a s\u0105 dost\u0119pne op\u0142atki i \u015bwiece bo\u017conarodzeniowe. <\/p>\n\n\n\n<p>10. Dzi\u015b mo\u017cna z\u0142o\u017cy\u0107 ofiar\u0119 do puszki na Radio Maryja.<\/p>\n","protected":false},"excerpt":{"rendered":"<p>1. Dzi\u015b nowenna przed uroczysto\u015bci\u0105 Niepokalanego Pocz\u0119cia NMP wraz z modlitw\u0105 za zmar\u0142ych polecanych w wypominkach o godz. 17.15. Od poniedzia\u0142ku nowenna o godz. 17.45. 2. Msze roratnie w parafii od poniedzia\u0142ku do soboty o godz. 7.30, a dla dzieci i m\u0142odzie\u017cy w poniedzia\u0142ki o godz. 6.30. 3. We wtorek [&hellip;]<\/p>\n","protected":false},"author":2,"featured_media":619,"comment_status":"closed","ping_status":"closed","sticky":false,"template":"","format":"standard","meta":{"footnotes":""},"categories":[2],"tags":[],"class_list":["post-1060","post","type-post","status-publish","format-standard","has-post-thumbnail","hentry","category-aktualnosci"],"_links":{"self":[{"href":"https:\/\/wspomozycielka-lodz.pl\/index.php?rest_route=\/wp\/v2\/posts\/1060","targetHints":{"allow":["GET"]}}],"collection":[{"href":"https:\/\/wspomozycielka-lodz.pl\/index.php?rest_route=\/wp\/v2\/posts"}],"about":[{"href":"https:\/\/wspomozycielka-lodz.pl\/index.php?rest_route=\/wp\/v2\/types\/post"}],"author":[{"embeddable":true,"href":"https:\/\/wspomozycielka-lodz.pl\/index.php?rest_route=\/wp\/v2\/users\/2"}],"replies":[{"embeddable":true,"href":"https:\/\/wspomozycielka-lodz.pl\/index.php?rest_route=%2Fwp%2Fv2%2Fcomments&post=1060"}],"version-history":[{"count":1,"href":"https:\/\/wspomozycielka-lodz.pl\/index.php?rest_route=\/wp\/v2\/posts\/1060\/revisions"}],"predecessor-version":[{"id":1061,"href":"https:\/\/wspomozycielka-lodz.pl\/index.php?rest_route=\/wp\/v2\/posts\/1060\/revisions\/1061"}],"wp:featuredmedia":[{"embeddable":true,"href":"https:\/\/wspomozycielka-lodz.pl\/index.php?rest_route=\/wp\/v2\/media\/619"}],"wp:attachment":[{"href":"https:\/\/wspomozycielka-lodz.pl\/index.php?rest_route=%2Fwp%2Fv2%2Fmedia&parent=1060"}],"wp:term":[{"taxonomy":"category","embeddable":true,"href":"https:\/\/wspomozycielka-lodz.pl\/index.php?rest_route=%2Fwp%2Fv2%2Fcategories&post=1060"},{"taxonomy":"post_tag","embeddable":true,"href":"https:\/\/wspomozycielka-lodz.pl\/index.php?rest_route=%2Fwp%2Fv2%2Ftags&post=1060"}],"curies":[{"name":"wp","href":"https:\/\/api.w.org\/{rel}","templated":true}]}}