{"id":1056,"date":"2025-11-15T10:11:07","date_gmt":"2025-11-15T09:11:07","guid":{"rendered":"https:\/\/wspomozycielka-lodz.pl\/?p=1056"},"modified":"2025-11-15T10:11:08","modified_gmt":"2025-11-15T09:11:08","slug":"ogloszenia-parafialne-16-11-2025","status":"publish","type":"post","link":"https:\/\/wspomozycielka-lodz.pl\/?p=1056","title":{"rendered":"OG\u0141OSZENIA PARAFIALNE (16.11.2025)"},"content":{"rendered":"\n<p>1. Nowenna do Maryi Wspomo\u017cycielki wraz z modlitw\u0105 za zmar\u0142ych polecanych w wypominkach o godz. 17.15.<\/p>\n\n\n\n<p>2. W czwartek po Mszy wieczornej adoracja Naj\u015bwi\u0119tszego Sakramentu.<\/p>\n\n\n\n<p>3. W przysz\u0142\u0105 niedziel\u0119 na Msz\u0119 \u015bw. o godz. 11.30 i spotkanie po niej zapraszamy dzieci przygotowuj\u0105ce si\u0119 do pierwszej Komunii \u015awi\u0119tej i ich rodzic\u00f3w. <\/p>\n\n\n\n<p>4. Nasze Oratorium dzi\u0119kuje wszystkim zaanga\u017cowanym w przygotowanie i przeprowadzenie Inspektorialnego Spotkania Animator\u00f3w. Go\u015bcili\u015bmy prawie 250 os\u00f3b \u2013 animator\u00f3w, si\u00f3str salezjanek i salezjan\u00f3w z 16 plac\u00f3wek. Wyra\u017camy wdzi\u0119czno\u015b\u0107 wsp\u00f3lnocie zakonnej \u015bw. Barbary, ksi\u0119dzu dyrektorowi Zespo\u0142u Szk\u00f3\u0142 Salezja\u0144skich, Salezja\u0144skim Szko\u0142om Rzemios\u0142, parafianom, salezjanom wsp\u00f3\u0142pracownikom z lokalnego centrum, animatorom, liderom i wolontariuszom oratoryjnym oraz przedstawicielom Stowarzyszenia Oratorium \u015bw. Dominika Savio w \u0141odzi za ich trud, oddanie i wk\u0142ad pracy. Serdeczne \u201eB\u00f3g zap\u0142a\u0107\u201d.<\/p>\n","protected":false},"excerpt":{"rendered":"<p>1. Nowenna do Maryi Wspomo\u017cycielki wraz z modlitw\u0105 za zmar\u0142ych polecanych w wypominkach o godz. 17.15. 2. W czwartek po Mszy wieczornej adoracja Naj\u015bwi\u0119tszego Sakramentu. 3. W przysz\u0142\u0105 niedziel\u0119 na Msz\u0119 \u015bw. o godz. 11.30 i spotkanie po niej zapraszamy dzieci przygotowuj\u0105ce si\u0119 do pierwszej Komunii \u015awi\u0119tej i ich rodzic\u00f3w. [&hellip;]<\/p>\n","protected":false},"author":2,"featured_media":619,"comment_status":"closed","ping_status":"closed","sticky":false,"template":"","format":"standard","meta":{"footnotes":""},"categories":[2],"tags":[],"class_list":["post-1056","post","type-post","status-publish","format-standard","has-post-thumbnail","hentry","category-aktualnosci"],"_links":{"self":[{"href":"https:\/\/wspomozycielka-lodz.pl\/index.php?rest_route=\/wp\/v2\/posts\/1056","targetHints":{"allow":["GET"]}}],"collection":[{"href":"https:\/\/wspomozycielka-lodz.pl\/index.php?rest_route=\/wp\/v2\/posts"}],"about":[{"href":"https:\/\/wspomozycielka-lodz.pl\/index.php?rest_route=\/wp\/v2\/types\/post"}],"author":[{"embeddable":true,"href":"https:\/\/wspomozycielka-lodz.pl\/index.php?rest_route=\/wp\/v2\/users\/2"}],"replies":[{"embeddable":true,"href":"https:\/\/wspomozycielka-lodz.pl\/index.php?rest_route=%2Fwp%2Fv2%2Fcomments&post=1056"}],"version-history":[{"count":1,"href":"https:\/\/wspomozycielka-lodz.pl\/index.php?rest_route=\/wp\/v2\/posts\/1056\/revisions"}],"predecessor-version":[{"id":1057,"href":"https:\/\/wspomozycielka-lodz.pl\/index.php?rest_route=\/wp\/v2\/posts\/1056\/revisions\/1057"}],"wp:featuredmedia":[{"embeddable":true,"href":"https:\/\/wspomozycielka-lodz.pl\/index.php?rest_route=\/wp\/v2\/media\/619"}],"wp:attachment":[{"href":"https:\/\/wspomozycielka-lodz.pl\/index.php?rest_route=%2Fwp%2Fv2%2Fmedia&parent=1056"}],"wp:term":[{"taxonomy":"category","embeddable":true,"href":"https:\/\/wspomozycielka-lodz.pl\/index.php?rest_route=%2Fwp%2Fv2%2Fcategories&post=1056"},{"taxonomy":"post_tag","embeddable":true,"href":"https:\/\/wspomozycielka-lodz.pl\/index.php?rest_route=%2Fwp%2Fv2%2Ftags&post=1056"}],"curies":[{"name":"wp","href":"https:\/\/api.w.org\/{rel}","templated":true}]}}