{"id":1049,"date":"2025-11-08T09:20:58","date_gmt":"2025-11-08T08:20:58","guid":{"rendered":"https:\/\/wspomozycielka-lodz.pl\/?p=1049"},"modified":"2025-11-08T09:20:58","modified_gmt":"2025-11-08T08:20:58","slug":"ogloszenia-parafialne-9-11-2025","status":"publish","type":"post","link":"https:\/\/wspomozycielka-lodz.pl\/?p=1049","title":{"rendered":"OG\u0141OSZENIA PARAFIALNE (9.11.2025)"},"content":{"rendered":"\n<p>1. Modlitwa r\u00f3\u017ca\u0144cowa za zmar\u0142ych polecanych w wypominkach do pi\u0105tku o godz. 17.30. W sobot\u0119 rozpoczniemy nowenn\u0119 do Maryi Wspomo\u017cycielki, kt\u00f3ra wraz z wypominkami b\u0119dzie o godz. 17.15.<\/p>\n\n\n\n<p>2. We wtorek na Mszy wieczornej b\u0119dziemy si\u0119 modli\u0107 za nasz\u0105 Ojczyzn\u0119 w dniu \u015awi\u0119ta Niepodleg\u0142o\u015bci.<\/p>\n\n\n\n<p>3. W czwartek po Mszy wieczornej adoracja Naj\u015bwi\u0119tszego Sakramentu.<\/p>\n\n\n\n<p>4. W przysz\u0142\u0105 niedziel\u0119 po Mszy \u015bw. o godz. 11.30 Salezjanie Wsp\u00f3\u0142pracownicy b\u0119d\u0105 mieli swoje spotkanie formacyjne.<\/p>\n\n\n\n<p>5. R\u00f3wnie\u017c w przysz\u0142\u0105 niedziel\u0119 po Mszy \u015bw. o godz. 11.30 b\u0119dzie spotkanie dla kandydat\u00f3w do bierzmowania.<\/p>\n\n\n\n<p>6. W pi\u0105tek zapraszamy na patriotyczne \u015bpiewanie z Janem Pospieszalskim p.t. \u201eP\u00f3ki my \u017cyjemy\u201d, kt\u00f3re b\u0119dzie mia\u0142o miejsce w auli pod ko\u015bcio\u0142em o godz. 18.45.<\/p>\n\n\n\n<p>7. Dzi\u015b przeprowadzana jest zbi\u00f3rka ofiar do puszek z racji Dnia Solidarno\u015bci z Ko\u015bcio\u0142em Prze\u015bladowanym. <\/p>\n\n\n\n<p>8. Z naszej wsp\u00f3lnoty parafialnej do wieczno\u015bci odszed\u0142: Jacek Wo\u0142ek, lat 42. <em>Wieczny odpoczynek racz mu da\u0107, Panie<\/em>&#8230;<\/p>\n","protected":false},"excerpt":{"rendered":"<p>1. Modlitwa r\u00f3\u017ca\u0144cowa za zmar\u0142ych polecanych w wypominkach do pi\u0105tku o godz. 17.30. W sobot\u0119 rozpoczniemy nowenn\u0119 do Maryi Wspomo\u017cycielki, kt\u00f3ra wraz z wypominkami b\u0119dzie o godz. 17.15. 2. We wtorek na Mszy wieczornej b\u0119dziemy si\u0119 modli\u0107 za nasz\u0105 Ojczyzn\u0119 w dniu \u015awi\u0119ta Niepodleg\u0142o\u015bci. 3. W czwartek po Mszy wieczornej [&hellip;]<\/p>\n","protected":false},"author":2,"featured_media":619,"comment_status":"closed","ping_status":"closed","sticky":false,"template":"","format":"standard","meta":{"footnotes":""},"categories":[2],"tags":[],"class_list":["post-1049","post","type-post","status-publish","format-standard","has-post-thumbnail","hentry","category-aktualnosci"],"_links":{"self":[{"href":"https:\/\/wspomozycielka-lodz.pl\/index.php?rest_route=\/wp\/v2\/posts\/1049","targetHints":{"allow":["GET"]}}],"collection":[{"href":"https:\/\/wspomozycielka-lodz.pl\/index.php?rest_route=\/wp\/v2\/posts"}],"about":[{"href":"https:\/\/wspomozycielka-lodz.pl\/index.php?rest_route=\/wp\/v2\/types\/post"}],"author":[{"embeddable":true,"href":"https:\/\/wspomozycielka-lodz.pl\/index.php?rest_route=\/wp\/v2\/users\/2"}],"replies":[{"embeddable":true,"href":"https:\/\/wspomozycielka-lodz.pl\/index.php?rest_route=%2Fwp%2Fv2%2Fcomments&post=1049"}],"version-history":[{"count":1,"href":"https:\/\/wspomozycielka-lodz.pl\/index.php?rest_route=\/wp\/v2\/posts\/1049\/revisions"}],"predecessor-version":[{"id":1050,"href":"https:\/\/wspomozycielka-lodz.pl\/index.php?rest_route=\/wp\/v2\/posts\/1049\/revisions\/1050"}],"wp:featuredmedia":[{"embeddable":true,"href":"https:\/\/wspomozycielka-lodz.pl\/index.php?rest_route=\/wp\/v2\/media\/619"}],"wp:attachment":[{"href":"https:\/\/wspomozycielka-lodz.pl\/index.php?rest_route=%2Fwp%2Fv2%2Fmedia&parent=1049"}],"wp:term":[{"taxonomy":"category","embeddable":true,"href":"https:\/\/wspomozycielka-lodz.pl\/index.php?rest_route=%2Fwp%2Fv2%2Fcategories&post=1049"},{"taxonomy":"post_tag","embeddable":true,"href":"https:\/\/wspomozycielka-lodz.pl\/index.php?rest_route=%2Fwp%2Fv2%2Ftags&post=1049"}],"curies":[{"name":"wp","href":"https:\/\/api.w.org\/{rel}","templated":true}]}}