{"id":1047,"date":"2025-11-01T10:21:25","date_gmt":"2025-11-01T09:21:25","guid":{"rendered":"https:\/\/wspomozycielka-lodz.pl\/?p=1047"},"modified":"2025-11-01T10:21:26","modified_gmt":"2025-11-01T09:21:26","slug":"ogloszenia-parafialne-02-11-2025","status":"publish","type":"post","link":"https:\/\/wspomozycielka-lodz.pl\/?p=1047","title":{"rendered":"OG\u0141OSZENIA PARAFIALNE (02.11.2025)"},"content":{"rendered":"\n<p>1. Modlitwa r\u00f3\u017ca\u0144cowa za zmar\u0142ych polecanych w wypominkach codziennie o godz. 17.30.<\/p>\n\n\n\n<p>2. We wtorek na Mszy wieczornej b\u0119dziemy si\u0119 modli\u0107 za zmar\u0142ych polecanych w wypominkach.<\/p>\n\n\n\n<p>3. W \u015brod\u0119 na Mszy wieczornej b\u0119dziemy si\u0119 modli\u0107 za Ojczyzn\u0119. Po Mszy spotkanie Wieczernika modlitwy za kap\u0142an\u00f3w.<\/p>\n\n\n\n<p>4. W czwartek na Mszy wieczornej b\u0119dziemy si\u0119 modli\u0107 za kap\u0142an\u00f3w i osoby konsekrowane pos\u0142uguj\u0105ce w naszej parafii i o nowe powo\u0142ania. Po Mszy wieczornej adoracja Naj\u015bwi\u0119tszego Sakramentu.<\/p>\n\n\n\n<p>5. W pi\u0105tek odwiedziny chorych przed po\u0142udniem. Od godz. 15.00 Godzina Mi\u0142osierdzia i adoracja Naj\u015bwi\u0119tszego Sakramentu. Po Mszy wieczornej spotkanie wsp\u00f3lnoty Stra\u017cy Honorowej NSPJ.<\/p>\n\n\n\n<p>6. <a>Przypominamy, \u017ce <\/a>od 1 do 8 listopada w\u0142\u0105cznie mo\u017cna zyska\u0107 codziennie odpust zupe\u0142ny za pobo\u017cne nawiedzenie cmentarza i odm\u00f3wienie modlitwy za zmar\u0142ych. Odpust ten mo\u017cna ofiarowa\u0107 tylko za zmar\u0142ych.<\/p>\n\n\n\n<p>7. Przypominamy, \u017ce od 7 do 10 listopada nasze Oratorium b\u0119dzie gospodarzem Inspektorialnego Spotkania Animator\u00f3w. Wydarzenie ma charakter formacyjno-imtegracyjny. Przy Wodnej b\u0119dziemy go\u015bci\u0107 ponad 250 os\u00f3b: m\u0142odych animator\u00f3w oratorium, siostry salezjanki i salezjan\u00f3w. Mo\u017cna wesprze\u0107 organizacj\u0119 tego spotkania sk\u0142adaj\u0105c ofiar\u0119 na m\u0142odzie\u017c do skarbony z ty\u0142u ko\u015bcio\u0142a. Za ka\u017cdy dar serca serdecznie dzi\u0119kujemy. <\/p>\n\n\n\n<p>8. Z naszej wsp\u00f3lnoty parafialnej do wieczno\u015bci odeszli: Zbigniew Mazurek, lat 68; Ewa Peak, lat 75; Anna Kowal, lat 76. <em>Wieczny odpoczynek racz im da\u0107, Panie<\/em>&#8230;<\/p>\n","protected":false},"excerpt":{"rendered":"<p>1. Modlitwa r\u00f3\u017ca\u0144cowa za zmar\u0142ych polecanych w wypominkach codziennie o godz. 17.30. 2. We wtorek na Mszy wieczornej b\u0119dziemy si\u0119 modli\u0107 za zmar\u0142ych polecanych w wypominkach. 3. W \u015brod\u0119 na Mszy wieczornej b\u0119dziemy si\u0119 modli\u0107 za Ojczyzn\u0119. Po Mszy spotkanie Wieczernika modlitwy za kap\u0142an\u00f3w. 4. W czwartek na Mszy wieczornej [&hellip;]<\/p>\n","protected":false},"author":2,"featured_media":619,"comment_status":"closed","ping_status":"closed","sticky":false,"template":"","format":"standard","meta":{"footnotes":""},"categories":[2],"tags":[],"class_list":["post-1047","post","type-post","status-publish","format-standard","has-post-thumbnail","hentry","category-aktualnosci"],"_links":{"self":[{"href":"https:\/\/wspomozycielka-lodz.pl\/index.php?rest_route=\/wp\/v2\/posts\/1047","targetHints":{"allow":["GET"]}}],"collection":[{"href":"https:\/\/wspomozycielka-lodz.pl\/index.php?rest_route=\/wp\/v2\/posts"}],"about":[{"href":"https:\/\/wspomozycielka-lodz.pl\/index.php?rest_route=\/wp\/v2\/types\/post"}],"author":[{"embeddable":true,"href":"https:\/\/wspomozycielka-lodz.pl\/index.php?rest_route=\/wp\/v2\/users\/2"}],"replies":[{"embeddable":true,"href":"https:\/\/wspomozycielka-lodz.pl\/index.php?rest_route=%2Fwp%2Fv2%2Fcomments&post=1047"}],"version-history":[{"count":1,"href":"https:\/\/wspomozycielka-lodz.pl\/index.php?rest_route=\/wp\/v2\/posts\/1047\/revisions"}],"predecessor-version":[{"id":1048,"href":"https:\/\/wspomozycielka-lodz.pl\/index.php?rest_route=\/wp\/v2\/posts\/1047\/revisions\/1048"}],"wp:featuredmedia":[{"embeddable":true,"href":"https:\/\/wspomozycielka-lodz.pl\/index.php?rest_route=\/wp\/v2\/media\/619"}],"wp:attachment":[{"href":"https:\/\/wspomozycielka-lodz.pl\/index.php?rest_route=%2Fwp%2Fv2%2Fmedia&parent=1047"}],"wp:term":[{"taxonomy":"category","embeddable":true,"href":"https:\/\/wspomozycielka-lodz.pl\/index.php?rest_route=%2Fwp%2Fv2%2Fcategories&post=1047"},{"taxonomy":"post_tag","embeddable":true,"href":"https:\/\/wspomozycielka-lodz.pl\/index.php?rest_route=%2Fwp%2Fv2%2Ftags&post=1047"}],"curies":[{"name":"wp","href":"https:\/\/api.w.org\/{rel}","templated":true}]}}