{"id":1045,"date":"2025-10-24T19:58:10","date_gmt":"2025-10-24T17:58:10","guid":{"rendered":"https:\/\/wspomozycielka-lodz.pl\/?p=1045"},"modified":"2025-10-24T19:58:10","modified_gmt":"2025-10-24T17:58:10","slug":"ogloszenia-parafialne-26-10-2025","status":"publish","type":"post","link":"https:\/\/wspomozycielka-lodz.pl\/?p=1045","title":{"rendered":"OG\u0141OSZENIA PARAFIALNE (26.10.2025)"},"content":{"rendered":"\n<p>1. Nabo\u017ce\u0144stwa r\u00f3\u017ca\u0144cowe do pi\u0105tku o godz. 17.30. Dla dzieci r\u00f3\u017caniec we wtorek o 16.30.<\/p>\n\n\n\n<p>2. W czwartek po Mszy wieczornej adoracja Naj\u015bwi\u0119tszego Sakramentu.<\/p>\n\n\n\n<p>3. W pi\u0105tek wspomnienie miesi\u0119czne \u015bw. Jana Bosko.<\/p>\n\n\n\n<p>4. W sobot\u0119 obchodzimy uroczysto\u015b\u0107 Wszystkich \u015awi\u0119tych. W tym dniu jest obowi\u0105zek uczestnictwa w Eucharystii. Msze \u015bwi\u0119te jak w niedziel\u0119.<\/p>\n\n\n\n<p>5. Przypominamy, \u017ce od 1 do 8 listopada w\u0142\u0105cznie mo\u017cna zyska\u0107 codziennie odpust zupe\u0142ny za pobo\u017cne nawiedzenie cmentarza i odm\u00f3wienie modlitwy za zmar\u0142ych. Odpust ten mo\u017cna ofiarowa\u0107 tylko za zmar\u0142ych.<\/p>\n\n\n\n<p>6. W sobot\u0119 o godz. 17.30 rozpoczynamy listopadow\u0105 modlitw\u0119 za zmar\u0142ych polecanych w wypominkach. Numery wypomink\u00f3w z przypisanymi dniami tygodnia b\u0119d\u0105 od soboty umieszczone w gablocie. Mo\u017cna jeszcze przynosi\u0107 zg\u0142oszenia na wypominki za naszych zmar\u0142ych.<\/p>\n\n\n\n<p>7. W t\u0119 najbli\u017csz\u0105 sobot\u0119 wyj\u0105tkowo nie b\u0119dzie nabo\u017ce\u0144stw pierwszosobotnich z racji uroczysto\u015bci.<\/p>\n\n\n\n<p>8. Dzi\u015b mo\u017cna z\u0142o\u017cy\u0107 ofiar\u0119 do puszki na Radio Maryja. <\/p>\n\n\n\n<p>9. Z naszej wsp\u00f3lnoty parafialnej do wieczno\u015bci odszed\u0142: Eugeniusz Pecyna, lat 71. <em>Wieczny odpoczynek racz mu da\u0107, Panie<\/em>&#8230;<\/p>\n","protected":false},"excerpt":{"rendered":"<p>1. Nabo\u017ce\u0144stwa r\u00f3\u017ca\u0144cowe do pi\u0105tku o godz. 17.30. Dla dzieci r\u00f3\u017caniec we wtorek o 16.30. 2. W czwartek po Mszy wieczornej adoracja Naj\u015bwi\u0119tszego Sakramentu. 3. W pi\u0105tek wspomnienie miesi\u0119czne \u015bw. Jana Bosko. 4. W sobot\u0119 obchodzimy uroczysto\u015b\u0107 Wszystkich \u015awi\u0119tych. W tym dniu jest obowi\u0105zek uczestnictwa w Eucharystii. Msze \u015bwi\u0119te jak [&hellip;]<\/p>\n","protected":false},"author":2,"featured_media":619,"comment_status":"closed","ping_status":"closed","sticky":false,"template":"","format":"standard","meta":{"footnotes":""},"categories":[2],"tags":[],"class_list":["post-1045","post","type-post","status-publish","format-standard","has-post-thumbnail","hentry","category-aktualnosci"],"_links":{"self":[{"href":"https:\/\/wspomozycielka-lodz.pl\/index.php?rest_route=\/wp\/v2\/posts\/1045","targetHints":{"allow":["GET"]}}],"collection":[{"href":"https:\/\/wspomozycielka-lodz.pl\/index.php?rest_route=\/wp\/v2\/posts"}],"about":[{"href":"https:\/\/wspomozycielka-lodz.pl\/index.php?rest_route=\/wp\/v2\/types\/post"}],"author":[{"embeddable":true,"href":"https:\/\/wspomozycielka-lodz.pl\/index.php?rest_route=\/wp\/v2\/users\/2"}],"replies":[{"embeddable":true,"href":"https:\/\/wspomozycielka-lodz.pl\/index.php?rest_route=%2Fwp%2Fv2%2Fcomments&post=1045"}],"version-history":[{"count":1,"href":"https:\/\/wspomozycielka-lodz.pl\/index.php?rest_route=\/wp\/v2\/posts\/1045\/revisions"}],"predecessor-version":[{"id":1046,"href":"https:\/\/wspomozycielka-lodz.pl\/index.php?rest_route=\/wp\/v2\/posts\/1045\/revisions\/1046"}],"wp:featuredmedia":[{"embeddable":true,"href":"https:\/\/wspomozycielka-lodz.pl\/index.php?rest_route=\/wp\/v2\/media\/619"}],"wp:attachment":[{"href":"https:\/\/wspomozycielka-lodz.pl\/index.php?rest_route=%2Fwp%2Fv2%2Fmedia&parent=1045"}],"wp:term":[{"taxonomy":"category","embeddable":true,"href":"https:\/\/wspomozycielka-lodz.pl\/index.php?rest_route=%2Fwp%2Fv2%2Fcategories&post=1045"},{"taxonomy":"post_tag","embeddable":true,"href":"https:\/\/wspomozycielka-lodz.pl\/index.php?rest_route=%2Fwp%2Fv2%2Ftags&post=1045"}],"curies":[{"name":"wp","href":"https:\/\/api.w.org\/{rel}","templated":true}]}}