{"id":1041,"date":"2025-10-14T21:48:25","date_gmt":"2025-10-14T19:48:25","guid":{"rendered":"https:\/\/wspomozycielka-lodz.pl\/?p=1041"},"modified":"2025-10-14T21:48:25","modified_gmt":"2025-10-14T19:48:25","slug":"ogloszenia-parafialne-12-10-2025","status":"publish","type":"post","link":"https:\/\/wspomozycielka-lodz.pl\/?p=1041","title":{"rendered":"OG\u0141OSZENIA PARAFIALNE (12.10.2025)"},"content":{"rendered":"\n<p>1. Nabo\u017ce\u0144stwa r\u00f3\u017ca\u0144cowe o godz. 17.30. Dla dzieci r\u00f3\u017caniec we wtorki o 16.30.<\/p>\n\n\n\n<p>2. We wtorek o godz. 17.00 b\u0119dzie adoracja prowadzona przez Stra\u017c Honorow\u0105 NSPJ z okazji wspomnienia \u015bw. Ma\u0142gorzaty Marii Alacoque.<\/p>\n\n\n\n<p>3. W \u015brod\u0119 rozpoczynamy nowenn\u0119 do Maryi Wspomo\u017cycielki, po\u0142\u0105czon\u0105 z nabo\u017ce\u0144stwem r\u00f3\u017ca\u0144cowym o godz. 17.15.<\/p>\n\n\n\n<p>4. W czwartek po Mszy wieczornej adoracja Naj\u015bwi\u0119tszego Sakramentu.<\/p>\n\n\n\n<p>5. Przyjmujemy zg\u0142oszenia na wypominki za naszych zmar\u0142ych, za kt\u00f3rych b\u0119dziemy si\u0119 modli\u0107 przez ca\u0142y listopad oraz potem przez ca\u0142y rok w ka\u017cdy pierwszy wtorek miesi\u0105ca na Mszy \u015bw. <\/p>\n\n\n\n<p>6. Z okazji Dnia Papieskiego przeprowadzana jest dzi\u015b zbi\u00f3rka ofiar do puszek na Fundacj\u0119 Dzie\u0142o Nowego Tysi\u0105clecia prowadz\u0105c\u0105 program stypendialny dla zdolnej m\u0142odzie\u017cy pochodz\u0105cej z niezamo\u017cnych rodzin. W tym roku w naszym ko\u015bciele zbi\u00f3rk\u0119 przeprowadzaj\u0105 stypendy\u015bci Fundacji.<\/p>\n","protected":false},"excerpt":{"rendered":"<p>1. Nabo\u017ce\u0144stwa r\u00f3\u017ca\u0144cowe o godz. 17.30. Dla dzieci r\u00f3\u017caniec we wtorki o 16.30. 2. We wtorek o godz. 17.00 b\u0119dzie adoracja prowadzona przez Stra\u017c Honorow\u0105 NSPJ z okazji wspomnienia \u015bw. Ma\u0142gorzaty Marii Alacoque. 3. W \u015brod\u0119 rozpoczynamy nowenn\u0119 do Maryi Wspomo\u017cycielki, po\u0142\u0105czon\u0105 z nabo\u017ce\u0144stwem r\u00f3\u017ca\u0144cowym o godz. 17.15. 4. W [&hellip;]<\/p>\n","protected":false},"author":2,"featured_media":619,"comment_status":"closed","ping_status":"closed","sticky":false,"template":"","format":"standard","meta":{"footnotes":""},"categories":[2],"tags":[],"class_list":["post-1041","post","type-post","status-publish","format-standard","has-post-thumbnail","hentry","category-aktualnosci"],"_links":{"self":[{"href":"https:\/\/wspomozycielka-lodz.pl\/index.php?rest_route=\/wp\/v2\/posts\/1041","targetHints":{"allow":["GET"]}}],"collection":[{"href":"https:\/\/wspomozycielka-lodz.pl\/index.php?rest_route=\/wp\/v2\/posts"}],"about":[{"href":"https:\/\/wspomozycielka-lodz.pl\/index.php?rest_route=\/wp\/v2\/types\/post"}],"author":[{"embeddable":true,"href":"https:\/\/wspomozycielka-lodz.pl\/index.php?rest_route=\/wp\/v2\/users\/2"}],"replies":[{"embeddable":true,"href":"https:\/\/wspomozycielka-lodz.pl\/index.php?rest_route=%2Fwp%2Fv2%2Fcomments&post=1041"}],"version-history":[{"count":1,"href":"https:\/\/wspomozycielka-lodz.pl\/index.php?rest_route=\/wp\/v2\/posts\/1041\/revisions"}],"predecessor-version":[{"id":1042,"href":"https:\/\/wspomozycielka-lodz.pl\/index.php?rest_route=\/wp\/v2\/posts\/1041\/revisions\/1042"}],"wp:featuredmedia":[{"embeddable":true,"href":"https:\/\/wspomozycielka-lodz.pl\/index.php?rest_route=\/wp\/v2\/media\/619"}],"wp:attachment":[{"href":"https:\/\/wspomozycielka-lodz.pl\/index.php?rest_route=%2Fwp%2Fv2%2Fmedia&parent=1041"}],"wp:term":[{"taxonomy":"category","embeddable":true,"href":"https:\/\/wspomozycielka-lodz.pl\/index.php?rest_route=%2Fwp%2Fv2%2Fcategories&post=1041"},{"taxonomy":"post_tag","embeddable":true,"href":"https:\/\/wspomozycielka-lodz.pl\/index.php?rest_route=%2Fwp%2Fv2%2Ftags&post=1041"}],"curies":[{"name":"wp","href":"https:\/\/api.w.org\/{rel}","templated":true}]}}