{"id":1039,"date":"2025-10-07T20:18:44","date_gmt":"2025-10-07T18:18:44","guid":{"rendered":"https:\/\/wspomozycielka-lodz.pl\/?p=1039"},"modified":"2025-10-07T20:18:44","modified_gmt":"2025-10-07T18:18:44","slug":"uroczystosc-sw-faustyny-27-niedziela-zwykla-5-10-2025","status":"publish","type":"post","link":"https:\/\/wspomozycielka-lodz.pl\/?p=1039","title":{"rendered":"UROCZYSTO\u015a\u0106 \u015aW. FAUSTYNY (27 niedziela zwyk\u0142a, 5.10.2025)"},"content":{"rendered":"\n<p>1. Nabo\u017ce\u0144stwa r\u00f3\u017ca\u0144cowe o godz. 17.30. Dla dzieci r\u00f3\u017caniec we wtorki o 16.30.<\/p>\n\n\n\n<p>3. We wtorek na Mszy wieczornej b\u0119dziemy si\u0119 modli\u0107 za zmar\u0142ych polecanych w wypominkach.<\/p>\n\n\n\n<p>4. W przysz\u0142\u0105 niedziel\u0119 po Mszy \u015bw. o godz. 11.30 Salezjanie Wsp\u00f3\u0142pracownicy b\u0119d\u0105 mieli swoje spotkanie w Strykowie.<\/p>\n\n\n\n<p>5. Przyjmujemy zg\u0142oszenia na wypominki za naszych zmar\u0142ych, za kt\u00f3rych b\u0119dziemy si\u0119 modli\u0107 przez ca\u0142y listopad oraz potem przez ca\u0142y rok w ka\u017cdy pierwszy wtorek miesi\u0105ca na Mszy \u015bw.<\/p>\n\n\n\n<p>6. Z naszej wsp\u00f3lnoty parafialnej do wieczno\u015bci odeszli: Miros\u0142aw Kubik, lat 71; Iwona Urba\u0144ska, lat 65. <em>Wieczny odpoczynek racz im da\u0107, Panie<\/em>&#8230;<\/p>\n","protected":false},"excerpt":{"rendered":"<p>1. Nabo\u017ce\u0144stwa r\u00f3\u017ca\u0144cowe o godz. 17.30. Dla dzieci r\u00f3\u017caniec we wtorki o 16.30. 3. We wtorek na Mszy wieczornej b\u0119dziemy si\u0119 modli\u0107 za zmar\u0142ych polecanych w wypominkach. 4. W przysz\u0142\u0105 niedziel\u0119 po Mszy \u015bw. o godz. 11.30 Salezjanie Wsp\u00f3\u0142pracownicy b\u0119d\u0105 mieli swoje spotkanie w Strykowie. 5. Przyjmujemy zg\u0142oszenia na wypominki [&hellip;]<\/p>\n","protected":false},"author":2,"featured_media":619,"comment_status":"closed","ping_status":"closed","sticky":false,"template":"","format":"standard","meta":{"footnotes":""},"categories":[2],"tags":[],"class_list":["post-1039","post","type-post","status-publish","format-standard","has-post-thumbnail","hentry","category-aktualnosci"],"_links":{"self":[{"href":"https:\/\/wspomozycielka-lodz.pl\/index.php?rest_route=\/wp\/v2\/posts\/1039","targetHints":{"allow":["GET"]}}],"collection":[{"href":"https:\/\/wspomozycielka-lodz.pl\/index.php?rest_route=\/wp\/v2\/posts"}],"about":[{"href":"https:\/\/wspomozycielka-lodz.pl\/index.php?rest_route=\/wp\/v2\/types\/post"}],"author":[{"embeddable":true,"href":"https:\/\/wspomozycielka-lodz.pl\/index.php?rest_route=\/wp\/v2\/users\/2"}],"replies":[{"embeddable":true,"href":"https:\/\/wspomozycielka-lodz.pl\/index.php?rest_route=%2Fwp%2Fv2%2Fcomments&post=1039"}],"version-history":[{"count":1,"href":"https:\/\/wspomozycielka-lodz.pl\/index.php?rest_route=\/wp\/v2\/posts\/1039\/revisions"}],"predecessor-version":[{"id":1040,"href":"https:\/\/wspomozycielka-lodz.pl\/index.php?rest_route=\/wp\/v2\/posts\/1039\/revisions\/1040"}],"wp:featuredmedia":[{"embeddable":true,"href":"https:\/\/wspomozycielka-lodz.pl\/index.php?rest_route=\/wp\/v2\/media\/619"}],"wp:attachment":[{"href":"https:\/\/wspomozycielka-lodz.pl\/index.php?rest_route=%2Fwp%2Fv2%2Fmedia&parent=1039"}],"wp:term":[{"taxonomy":"category","embeddable":true,"href":"https:\/\/wspomozycielka-lodz.pl\/index.php?rest_route=%2Fwp%2Fv2%2Fcategories&post=1039"},{"taxonomy":"post_tag","embeddable":true,"href":"https:\/\/wspomozycielka-lodz.pl\/index.php?rest_route=%2Fwp%2Fv2%2Ftags&post=1039"}],"curies":[{"name":"wp","href":"https:\/\/api.w.org\/{rel}","templated":true}]}}