{"id":1035,"date":"2025-09-20T19:29:02","date_gmt":"2025-09-20T17:29:02","guid":{"rendered":"https:\/\/wspomozycielka-lodz.pl\/?p=1035"},"modified":"2025-09-20T19:29:03","modified_gmt":"2025-09-20T17:29:03","slug":"ogloszenia-parafialne-21-09-2025","status":"publish","type":"post","link":"https:\/\/wspomozycielka-lodz.pl\/?p=1035","title":{"rendered":"OG\u0141OSZENIA PARAFIALNE (21.09.2025)"},"content":{"rendered":"\n<p>1. Nowenna do Maryi Wspomo\u017cycielki do wtorku o godz. 17.40.<\/p>\n\n\n\n<p>2. W \u015brod\u0119 ho\u0142d ku czci Maryi Wspomo\u017cycielki o godz. 17.15. Po Mszy wieczornej spotkanie czcicieli Matki Bo\u017cej.<\/p>\n\n\n\n<p>3. W czwartek po Mszy wieczornej adoracja Naj\u015bwi\u0119tszego Sakramentu.<\/p>\n\n\n\n<p>4. W przysz\u0142\u0105 niedziel\u0119 na Msz\u0119 \u015bw. o godz. 11.30 i spotkanie po niej zapraszamy dzieci przygotowuj\u0105ce si\u0119 do pierwszej Komunii \u015awi\u0119tej i ich rodzic\u00f3w.<\/p>\n\n\n\n<p>5. Dzi\u015b przeprowadzana jest zbi\u00f3rka ofiar do puszek na potrzeby Stolicy Apostolskiej.<\/p>\n","protected":false},"excerpt":{"rendered":"<p>1. Nowenna do Maryi Wspomo\u017cycielki do wtorku o godz. 17.40. 2. W \u015brod\u0119 ho\u0142d ku czci Maryi Wspomo\u017cycielki o godz. 17.15. Po Mszy wieczornej spotkanie czcicieli Matki Bo\u017cej. 3. W czwartek po Mszy wieczornej adoracja Naj\u015bwi\u0119tszego Sakramentu. 4. W przysz\u0142\u0105 niedziel\u0119 na Msz\u0119 \u015bw. o godz. 11.30 i spotkanie po [&hellip;]<\/p>\n","protected":false},"author":2,"featured_media":619,"comment_status":"closed","ping_status":"closed","sticky":false,"template":"","format":"standard","meta":{"footnotes":""},"categories":[2],"tags":[],"class_list":["post-1035","post","type-post","status-publish","format-standard","has-post-thumbnail","hentry","category-aktualnosci"],"_links":{"self":[{"href":"https:\/\/wspomozycielka-lodz.pl\/index.php?rest_route=\/wp\/v2\/posts\/1035","targetHints":{"allow":["GET"]}}],"collection":[{"href":"https:\/\/wspomozycielka-lodz.pl\/index.php?rest_route=\/wp\/v2\/posts"}],"about":[{"href":"https:\/\/wspomozycielka-lodz.pl\/index.php?rest_route=\/wp\/v2\/types\/post"}],"author":[{"embeddable":true,"href":"https:\/\/wspomozycielka-lodz.pl\/index.php?rest_route=\/wp\/v2\/users\/2"}],"replies":[{"embeddable":true,"href":"https:\/\/wspomozycielka-lodz.pl\/index.php?rest_route=%2Fwp%2Fv2%2Fcomments&post=1035"}],"version-history":[{"count":1,"href":"https:\/\/wspomozycielka-lodz.pl\/index.php?rest_route=\/wp\/v2\/posts\/1035\/revisions"}],"predecessor-version":[{"id":1036,"href":"https:\/\/wspomozycielka-lodz.pl\/index.php?rest_route=\/wp\/v2\/posts\/1035\/revisions\/1036"}],"wp:featuredmedia":[{"embeddable":true,"href":"https:\/\/wspomozycielka-lodz.pl\/index.php?rest_route=\/wp\/v2\/media\/619"}],"wp:attachment":[{"href":"https:\/\/wspomozycielka-lodz.pl\/index.php?rest_route=%2Fwp%2Fv2%2Fmedia&parent=1035"}],"wp:term":[{"taxonomy":"category","embeddable":true,"href":"https:\/\/wspomozycielka-lodz.pl\/index.php?rest_route=%2Fwp%2Fv2%2Fcategories&post=1035"},{"taxonomy":"post_tag","embeddable":true,"href":"https:\/\/wspomozycielka-lodz.pl\/index.php?rest_route=%2Fwp%2Fv2%2Ftags&post=1035"}],"curies":[{"name":"wp","href":"https:\/\/api.w.org\/{rel}","templated":true}]}}