{"id":1033,"date":"2025-09-15T22:04:38","date_gmt":"2025-09-15T20:04:38","guid":{"rendered":"https:\/\/wspomozycielka-lodz.pl\/?p=1033"},"modified":"2025-09-15T22:04:38","modified_gmt":"2025-09-15T20:04:38","slug":"ogloszenia-parafialne-14-09-2025","status":"publish","type":"post","link":"https:\/\/wspomozycielka-lodz.pl\/?p=1033","title":{"rendered":"OG\u0141OSZENIA PARAFIALNE (14.09.2025)"},"content":{"rendered":"\n<p>1. W poniedzia\u0142ek rozpoczynamy nowenn\u0119 do Maryi Wspomo\u017cycielki o godz. 17.40. Zach\u0119camy do sk\u0142adania pr\u00f3\u015bb do Boga przez wstawiennictwo Matki Bo\u017cej.<\/p>\n\n\n\n<p>2. W czwartek \u015bwi\u0119tujemy w liturgii \u015bw. Stanis\u0142awa Kostk\u0119, patrona naszej salezja\u0144skiej Inspektorii oraz polskiej m\u0142odzie\u017cy. Na Mszy wieczornej b\u0119dziemy si\u0119 modli\u0107 w intencji ks. Roberta Bednarskiego z okazji jego imienin. Po Mszy wieczornej adoracja Naj\u015bwi\u0119tszego Sakramentu.<\/p>\n\n\n\n<p>3. W przysz\u0142\u0105 niedziel\u0119 po Mszy \u015bw. o godz. 11.30 b\u0119dzie spotkanie dla kandydat\u00f3w do bierzmowania.<\/p>\n\n\n\n<p>4. Z naszej wsp\u00f3lnoty parafialnej do wieczno\u015bci odesz\u0142a: Wies\u0142awa Piotrowska, lat 76. <em>Wieczny odpoczynek racz jej da\u0107, Panie<\/em>&#8230;<\/p>\n","protected":false},"excerpt":{"rendered":"<p>1. W poniedzia\u0142ek rozpoczynamy nowenn\u0119 do Maryi Wspomo\u017cycielki o godz. 17.40. Zach\u0119camy do sk\u0142adania pr\u00f3\u015bb do Boga przez wstawiennictwo Matki Bo\u017cej. 2. W czwartek \u015bwi\u0119tujemy w liturgii \u015bw. Stanis\u0142awa Kostk\u0119, patrona naszej salezja\u0144skiej Inspektorii oraz polskiej m\u0142odzie\u017cy. Na Mszy wieczornej b\u0119dziemy si\u0119 modli\u0107 w intencji ks. Roberta Bednarskiego z okazji [&hellip;]<\/p>\n","protected":false},"author":2,"featured_media":619,"comment_status":"closed","ping_status":"closed","sticky":false,"template":"","format":"standard","meta":{"footnotes":""},"categories":[2],"tags":[],"class_list":["post-1033","post","type-post","status-publish","format-standard","has-post-thumbnail","hentry","category-aktualnosci"],"_links":{"self":[{"href":"https:\/\/wspomozycielka-lodz.pl\/index.php?rest_route=\/wp\/v2\/posts\/1033","targetHints":{"allow":["GET"]}}],"collection":[{"href":"https:\/\/wspomozycielka-lodz.pl\/index.php?rest_route=\/wp\/v2\/posts"}],"about":[{"href":"https:\/\/wspomozycielka-lodz.pl\/index.php?rest_route=\/wp\/v2\/types\/post"}],"author":[{"embeddable":true,"href":"https:\/\/wspomozycielka-lodz.pl\/index.php?rest_route=\/wp\/v2\/users\/2"}],"replies":[{"embeddable":true,"href":"https:\/\/wspomozycielka-lodz.pl\/index.php?rest_route=%2Fwp%2Fv2%2Fcomments&post=1033"}],"version-history":[{"count":1,"href":"https:\/\/wspomozycielka-lodz.pl\/index.php?rest_route=\/wp\/v2\/posts\/1033\/revisions"}],"predecessor-version":[{"id":1034,"href":"https:\/\/wspomozycielka-lodz.pl\/index.php?rest_route=\/wp\/v2\/posts\/1033\/revisions\/1034"}],"wp:featuredmedia":[{"embeddable":true,"href":"https:\/\/wspomozycielka-lodz.pl\/index.php?rest_route=\/wp\/v2\/media\/619"}],"wp:attachment":[{"href":"https:\/\/wspomozycielka-lodz.pl\/index.php?rest_route=%2Fwp%2Fv2%2Fmedia&parent=1033"}],"wp:term":[{"taxonomy":"category","embeddable":true,"href":"https:\/\/wspomozycielka-lodz.pl\/index.php?rest_route=%2Fwp%2Fv2%2Fcategories&post=1033"},{"taxonomy":"post_tag","embeddable":true,"href":"https:\/\/wspomozycielka-lodz.pl\/index.php?rest_route=%2Fwp%2Fv2%2Ftags&post=1033"}],"curies":[{"name":"wp","href":"https:\/\/api.w.org\/{rel}","templated":true}]}}