{"id":1031,"date":"2025-09-07T07:07:54","date_gmt":"2025-09-07T05:07:54","guid":{"rendered":"https:\/\/wspomozycielka-lodz.pl\/?p=1031"},"modified":"2025-09-07T07:07:55","modified_gmt":"2025-09-07T05:07:55","slug":"ogloszenia-parafialne-7-09-2025","status":"publish","type":"post","link":"https:\/\/wspomozycielka-lodz.pl\/?p=1031","title":{"rendered":"OG\u0141OSZENIA PARAFIALNE (7.09.2025)"},"content":{"rendered":"\n<p>1. W czwartek po Mszy wieczornej adoracja Naj\u015bwi\u0119tszego Sakramentu.<\/p>\n\n\n\n<p>2. Nasze Oratorium dzi\u0119kuje wszystkim ofiarodawcom, kt\u00f3rzy wsparli dzia\u0142ania wakacyjne. Z r\u00f3\u017cnych form zaj\u0119\u0107: p\u00f3\u0142kolonii, kolonii, szko\u0142y lidera, w\u0119drownego oratorium, Campo Bosco i letniego oratorium, skorzysta\u0142o prawie 120 os\u00f3b. Dzi\u0119ki darczy\u0144com dofinansowano wypoczynek dziesi\u0119ciu os\u00f3b podczas dw\u00f3ch turnus\u00f3w p\u00f3\u0142kolonii. Odwdzi\u0119czamy si\u0119 modlitw\u0105 dzieci i m\u0142odzie\u017cy oratoryjnej w ka\u017cd\u0105 \u015brod\u0119 oraz cukierkami, kt\u00f3re s\u0105 wy\u0142o\u017cone na stoliku przy wyj\u015bciu z ko\u015bcio\u0142a.<\/p>\n\n\n\n<p>3. Zapraszamy ch\u0142opc\u00f3w po 2. klasie szko\u0142y podstawowej, m\u0142odzie\u017c m\u0119sk\u0105 i ch\u0119tnych pan\u00f3w do s\u0142u\u017cby liturgicznej przy o\u0142tarzu w naszej parafii. Informacje u ks. opiekuna Piotra.<\/p>\n\n\n\n<p>4. Bezpo\u015brednio po Mszy \u015bw. zapraszamy na \u201eOratorium Rodzinne\u201d. Ma to by\u0107 czas spotkania, rozmowy, skorzystania z kawy i herbaty oraz zabaw i r\u00f3\u017cnych aktywno\u015bci. Zaj\u0119cia b\u0119d\u0105 si\u0119 odbywa\u0107 w oratorium po niedzielnej Mszy \u015bw. o 11.30 i potrwaj\u0105 do 13.30.<\/p>\n\n\n\n<p>5. W sobot\u0119, 20 wrze\u015bnia, w Sanktuarium Matki Bo\u017cej Wspomo\u017cenia Wiernych w Twardog\u00f3rze odb\u0119dzie si\u0119 Og\u00f3lnopolski Kongres ADMA &#8211; Stowarzyszenia Maryi Wspomo\u017cycielki, pod has\u0142em: \u201eDam Ci Wspomo\u017cycielk\u0119\u201d. Spotkanie rozpocznie si\u0119 o godzinie 10.00, zako\u0144czenie planowane jest oko\u0142o godziny 15.30. Ch\u0119tnych do udzia\u0142u w tym wydarzeniu prosz\u0119 o zg\u0142oszenie najp\u00f3\u017aniej do \u015brody w kancelarii albo zakrystii, lub do p. Mariusza odpowiedzialnego za wsp\u00f3lnot\u0119 ADMA. <\/p>\n\n\n\n<p>6. Z naszej wsp\u00f3lnoty parafialnej do wieczno\u015bci odesz\u0142a: Zofia Siedlecka, lat 89. <em>Wieczny odpoczynek racz jej da\u0107, Panie<\/em>&#8230;<\/p>\n","protected":false},"excerpt":{"rendered":"<p>1. W czwartek po Mszy wieczornej adoracja Naj\u015bwi\u0119tszego Sakramentu. 2. Nasze Oratorium dzi\u0119kuje wszystkim ofiarodawcom, kt\u00f3rzy wsparli dzia\u0142ania wakacyjne. Z r\u00f3\u017cnych form zaj\u0119\u0107: p\u00f3\u0142kolonii, kolonii, szko\u0142y lidera, w\u0119drownego oratorium, Campo Bosco i letniego oratorium, skorzysta\u0142o prawie 120 os\u00f3b. Dzi\u0119ki darczy\u0144com dofinansowano wypoczynek dziesi\u0119ciu os\u00f3b podczas dw\u00f3ch turnus\u00f3w p\u00f3\u0142kolonii. Odwdzi\u0119czamy si\u0119 [&hellip;]<\/p>\n","protected":false},"author":2,"featured_media":619,"comment_status":"closed","ping_status":"closed","sticky":false,"template":"","format":"standard","meta":{"footnotes":""},"categories":[2],"tags":[],"class_list":["post-1031","post","type-post","status-publish","format-standard","has-post-thumbnail","hentry","category-aktualnosci"],"_links":{"self":[{"href":"https:\/\/wspomozycielka-lodz.pl\/index.php?rest_route=\/wp\/v2\/posts\/1031","targetHints":{"allow":["GET"]}}],"collection":[{"href":"https:\/\/wspomozycielka-lodz.pl\/index.php?rest_route=\/wp\/v2\/posts"}],"about":[{"href":"https:\/\/wspomozycielka-lodz.pl\/index.php?rest_route=\/wp\/v2\/types\/post"}],"author":[{"embeddable":true,"href":"https:\/\/wspomozycielka-lodz.pl\/index.php?rest_route=\/wp\/v2\/users\/2"}],"replies":[{"embeddable":true,"href":"https:\/\/wspomozycielka-lodz.pl\/index.php?rest_route=%2Fwp%2Fv2%2Fcomments&post=1031"}],"version-history":[{"count":1,"href":"https:\/\/wspomozycielka-lodz.pl\/index.php?rest_route=\/wp\/v2\/posts\/1031\/revisions"}],"predecessor-version":[{"id":1032,"href":"https:\/\/wspomozycielka-lodz.pl\/index.php?rest_route=\/wp\/v2\/posts\/1031\/revisions\/1032"}],"wp:featuredmedia":[{"embeddable":true,"href":"https:\/\/wspomozycielka-lodz.pl\/index.php?rest_route=\/wp\/v2\/media\/619"}],"wp:attachment":[{"href":"https:\/\/wspomozycielka-lodz.pl\/index.php?rest_route=%2Fwp%2Fv2%2Fmedia&parent=1031"}],"wp:term":[{"taxonomy":"category","embeddable":true,"href":"https:\/\/wspomozycielka-lodz.pl\/index.php?rest_route=%2Fwp%2Fv2%2Fcategories&post=1031"},{"taxonomy":"post_tag","embeddable":true,"href":"https:\/\/wspomozycielka-lodz.pl\/index.php?rest_route=%2Fwp%2Fv2%2Ftags&post=1031"}],"curies":[{"name":"wp","href":"https:\/\/api.w.org\/{rel}","templated":true}]}}