{"id":1029,"date":"2025-08-30T21:08:54","date_gmt":"2025-08-30T19:08:54","guid":{"rendered":"https:\/\/wspomozycielka-lodz.pl\/?p=1029"},"modified":"2025-08-30T21:08:55","modified_gmt":"2025-08-30T19:08:55","slug":"ogloszenia-parafialne-31-08-2025","status":"publish","type":"post","link":"https:\/\/wspomozycielka-lodz.pl\/?p=1029","title":{"rendered":"OG\u0141OSZENIA PARAFIALNE (31.08.2025)"},"content":{"rendered":"\n<p>1. W okresie wakacyjnym nasz\u0105 wsp\u00f3lnot\u0119 zakonn\u0105 opu\u015bci\u0142 ks. Pawe\u0142 Szczepa\u0144ski, a do\u0142\u0105czyli ks. Artur Rogowski i kl. Steve Wangue z Republiki \u015arodkowej Afryki.<\/p>\n\n\n\n<p>2. Sko\u0144czy\u0142 si\u0119 czas wakacyjny, dlatego wracamy do naszych sta\u0142ych nabo\u017ce\u0144stw i spotka\u0144. Od nowego tygodnia kancelaria parafialna b\u0119dzie czynna ju\u017c od wtorku do pi\u0105tku w godz. 10.00-11.30 i 16.00-17.00.<\/p>\n\n\n\n<p>3. We wtorek na Mszy wieczornej b\u0119dziemy si\u0119 modli\u0107 za zmar\u0142ych polecanych w wypominkach. Po Mszy wieczornej zapraszam na obowi\u0105zkowe spotkanie Rad\u0119 parafialn\u0105 oraz odpowiedzialnych za wszystkie grupy i wsp\u00f3lnoty w parafii lub osoby przez nich oddelegowane.<\/p>\n\n\n\n<p>4. W \u015brod\u0119 na Mszy wieczornej b\u0119dziemy si\u0119 modli\u0107 za dobrodziej\u00f3w naszej parafii i ca\u0142ego dzie\u0142a salezja\u0144skiego na Wodnej oraz w intencji naszej Ojczyzny. Po Mszy wieczornej spotkanie Wieczernika Modlitwy za Kap\u0142an\u00f3w.<\/p>\n\n\n\n<p>5. W czwartek na Mszy wieczornej b\u0119dziemy si\u0119 modli\u0107 za kap\u0142an\u00f3w i osoby konsekrowane pos\u0142uguj\u0105ce w naszej parafii i o nowe powo\u0142ania. Po Mszy wieczornej adoracja Naj\u015bwi\u0119tszego Sakramentu.<\/p>\n\n\n\n<p>6. W pi\u0105tek odwiedziny chorych przed po\u0142udniem. Od godz. 15.00 Godzina Mi\u0142osierdzia i adoracja Naj\u015bwi\u0119tszego Sakramentu. Po Mszy wieczornej spotkanie wsp\u00f3lnoty Stra\u017cy Honorowej NSPJ.<\/p>\n\n\n\n<p>7. W sobot\u0119 po Mszy porannej nabo\u017ce\u0144stwo i wymiana tajemnic r\u00f3\u017ca\u0144cowych, a po Mszy wieczornej o godz. 19.00 r\u00f3\u017caniec prowadzony przez wsp\u00f3lnot\u0119 \u017bywego R\u00f3\u017ca\u0144ca.<\/p>\n\n\n\n<p>8. W przysz\u0142\u0105 niedziel\u0119 na Mszy \u015bw. o godz. 11.30 pob\u0142ogos\u0142awimy dzieci rozpoczynj\u0105ce nowy rok szkolny.<\/p>\n\n\n\n<p>9. W przysz\u0142\u0105 niedziel\u0119 po Mszy \u015bw. o godz. 11.30 b\u0119dzie spotkanie Salezjan\u00f3w Wsp\u00f3\u0142pracownik\u00f3w.<\/p>\n\n\n\n<p>10. Nasze oratorium zaprasza w przysz\u0142\u0105 niedziel\u0119 na rozpocz\u0119cie roku duszpastersko-formacyjnego. Z tej okazji zainaugurujemy dzia\u0142alno\u015b\u0107 \u201eRodzinnego Oratorium\u201d. O godz. 11.30 Msza \u015bw. dla rodzin z dzie\u0107mi i m\u0142odzie\u017c\u0105 oratoryjn\u0105, a po niej spotkanie w kawiarence oratoryjnej.<\/p>\n\n\n\n<p>11. Zapraszamy ch\u0142opc\u00f3w po 2. klasie szko\u0142y podstawowej, m\u0142odzie\u017c m\u0119sk\u0105 i ch\u0119tnych pan\u00f3w do s\u0142u\u017cby liturgicznej w naszej parafii. Informacje u ks. opiekuna Piotra Szlufika. Pierwsze spotkanie powakacyjne dla ca\u0142ej s\u0142u\u017cby w niedziel\u0119, 7 wrze\u015bnia, po Mszy \u015bw. o godz. 11.30. <\/p>\n\n\n\n<p>12. Dzi\u015b mo\u017cna z\u0142o\u017cy\u0107 ofiar\u0119 do puszki na Radio Maryja.<\/p>\n","protected":false},"excerpt":{"rendered":"<p>1. W okresie wakacyjnym nasz\u0105 wsp\u00f3lnot\u0119 zakonn\u0105 opu\u015bci\u0142 ks. Pawe\u0142 Szczepa\u0144ski, a do\u0142\u0105czyli ks. Artur Rogowski i kl. Steve Wangue z Republiki \u015arodkowej Afryki. 2. Sko\u0144czy\u0142 si\u0119 czas wakacyjny, dlatego wracamy do naszych sta\u0142ych nabo\u017ce\u0144stw i spotka\u0144. Od nowego tygodnia kancelaria parafialna b\u0119dzie czynna ju\u017c od wtorku do pi\u0105tku w [&hellip;]<\/p>\n","protected":false},"author":2,"featured_media":619,"comment_status":"closed","ping_status":"closed","sticky":false,"template":"","format":"standard","meta":{"footnotes":""},"categories":[2],"tags":[],"class_list":["post-1029","post","type-post","status-publish","format-standard","has-post-thumbnail","hentry","category-aktualnosci"],"_links":{"self":[{"href":"https:\/\/wspomozycielka-lodz.pl\/index.php?rest_route=\/wp\/v2\/posts\/1029","targetHints":{"allow":["GET"]}}],"collection":[{"href":"https:\/\/wspomozycielka-lodz.pl\/index.php?rest_route=\/wp\/v2\/posts"}],"about":[{"href":"https:\/\/wspomozycielka-lodz.pl\/index.php?rest_route=\/wp\/v2\/types\/post"}],"author":[{"embeddable":true,"href":"https:\/\/wspomozycielka-lodz.pl\/index.php?rest_route=\/wp\/v2\/users\/2"}],"replies":[{"embeddable":true,"href":"https:\/\/wspomozycielka-lodz.pl\/index.php?rest_route=%2Fwp%2Fv2%2Fcomments&post=1029"}],"version-history":[{"count":1,"href":"https:\/\/wspomozycielka-lodz.pl\/index.php?rest_route=\/wp\/v2\/posts\/1029\/revisions"}],"predecessor-version":[{"id":1030,"href":"https:\/\/wspomozycielka-lodz.pl\/index.php?rest_route=\/wp\/v2\/posts\/1029\/revisions\/1030"}],"wp:featuredmedia":[{"embeddable":true,"href":"https:\/\/wspomozycielka-lodz.pl\/index.php?rest_route=\/wp\/v2\/media\/619"}],"wp:attachment":[{"href":"https:\/\/wspomozycielka-lodz.pl\/index.php?rest_route=%2Fwp%2Fv2%2Fmedia&parent=1029"}],"wp:term":[{"taxonomy":"category","embeddable":true,"href":"https:\/\/wspomozycielka-lodz.pl\/index.php?rest_route=%2Fwp%2Fv2%2Fcategories&post=1029"},{"taxonomy":"post_tag","embeddable":true,"href":"https:\/\/wspomozycielka-lodz.pl\/index.php?rest_route=%2Fwp%2Fv2%2Ftags&post=1029"}],"curies":[{"name":"wp","href":"https:\/\/api.w.org\/{rel}","templated":true}]}}