{"id":1027,"date":"2025-08-23T10:07:46","date_gmt":"2025-08-23T08:07:46","guid":{"rendered":"https:\/\/wspomozycielka-lodz.pl\/?p=1027"},"modified":"2025-08-23T10:07:46","modified_gmt":"2025-08-23T08:07:46","slug":"ogloszenia-parafialne-24-08-2025","status":"publish","type":"post","link":"https:\/\/wspomozycielka-lodz.pl\/?p=1027","title":{"rendered":"OG\u0141OSZENIA PARAFIALNE (24.08.2025)"},"content":{"rendered":"\n<p>1. We wtorek \u015bwi\u0119towa\u0107 b\u0119dziemy uroczysto\u015b\u0107 NMP Cz\u0119stochowskiej. Msze \u015bw. o godz. 7.30 i 18.00.<\/p>\n\n\n\n<p>2. Z naszej wsp\u00f3lnoty parafialnej do wieczno\u015bci odeszli: Tomasz Koz\u0142owski, lat 50; Zygmunt Zawierucha, lat 79. <em>Wieczny odpoczynek racz im da\u0107, Panie<\/em>&#8230;<\/p>\n","protected":false},"excerpt":{"rendered":"<p>1. We wtorek \u015bwi\u0119towa\u0107 b\u0119dziemy uroczysto\u015b\u0107 NMP Cz\u0119stochowskiej. Msze \u015bw. o godz. 7.30 i 18.00. 2. Z naszej wsp\u00f3lnoty parafialnej do wieczno\u015bci odeszli: Tomasz Koz\u0142owski, lat 50; Zygmunt Zawierucha, lat 79. Wieczny odpoczynek racz im da\u0107, Panie&#8230;<\/p>\n","protected":false},"author":2,"featured_media":619,"comment_status":"closed","ping_status":"closed","sticky":false,"template":"","format":"standard","meta":{"footnotes":""},"categories":[2],"tags":[],"class_list":["post-1027","post","type-post","status-publish","format-standard","has-post-thumbnail","hentry","category-aktualnosci"],"_links":{"self":[{"href":"https:\/\/wspomozycielka-lodz.pl\/index.php?rest_route=\/wp\/v2\/posts\/1027","targetHints":{"allow":["GET"]}}],"collection":[{"href":"https:\/\/wspomozycielka-lodz.pl\/index.php?rest_route=\/wp\/v2\/posts"}],"about":[{"href":"https:\/\/wspomozycielka-lodz.pl\/index.php?rest_route=\/wp\/v2\/types\/post"}],"author":[{"embeddable":true,"href":"https:\/\/wspomozycielka-lodz.pl\/index.php?rest_route=\/wp\/v2\/users\/2"}],"replies":[{"embeddable":true,"href":"https:\/\/wspomozycielka-lodz.pl\/index.php?rest_route=%2Fwp%2Fv2%2Fcomments&post=1027"}],"version-history":[{"count":1,"href":"https:\/\/wspomozycielka-lodz.pl\/index.php?rest_route=\/wp\/v2\/posts\/1027\/revisions"}],"predecessor-version":[{"id":1028,"href":"https:\/\/wspomozycielka-lodz.pl\/index.php?rest_route=\/wp\/v2\/posts\/1027\/revisions\/1028"}],"wp:featuredmedia":[{"embeddable":true,"href":"https:\/\/wspomozycielka-lodz.pl\/index.php?rest_route=\/wp\/v2\/media\/619"}],"wp:attachment":[{"href":"https:\/\/wspomozycielka-lodz.pl\/index.php?rest_route=%2Fwp%2Fv2%2Fmedia&parent=1027"}],"wp:term":[{"taxonomy":"category","embeddable":true,"href":"https:\/\/wspomozycielka-lodz.pl\/index.php?rest_route=%2Fwp%2Fv2%2Fcategories&post=1027"},{"taxonomy":"post_tag","embeddable":true,"href":"https:\/\/wspomozycielka-lodz.pl\/index.php?rest_route=%2Fwp%2Fv2%2Ftags&post=1027"}],"curies":[{"name":"wp","href":"https:\/\/api.w.org\/{rel}","templated":true}]}}