{"id":1025,"date":"2025-08-16T09:37:54","date_gmt":"2025-08-16T07:37:54","guid":{"rendered":"https:\/\/wspomozycielka-lodz.pl\/?p=1025"},"modified":"2025-08-16T09:37:55","modified_gmt":"2025-08-16T07:37:55","slug":"ogloszenia-parafialne-17-08-2025","status":"publish","type":"post","link":"https:\/\/wspomozycielka-lodz.pl\/?p=1025","title":{"rendered":"OG\u0141OSZENIA PARAFIALNE (17.08.2025)"},"content":{"rendered":"\n<ol class=\"wp-block-list\">\n<li>Zapraszamy do udzia\u0142u w pieszych pielgrzymkach, kt\u00f3re wyrusz\u0105 z wielu miejsc naszej Archidiecezji na Jasn\u0105 G\u00f3r\u0119. Has\u0142o tegorocznego pielgrzymowania brzmi: Pielgrzymi nadziei. 100. \u0141\u00f3dzka Piesza Pielgrzymka na Jasn\u0105 G\u00f3r\u0119, jak co roku, wyruszy 21 sierpnia z Sanktuarium Matki Boskiej Zwyci\u0119skiej w \u0141odzi. Zapisy odb\u0119d\u0105 si\u0119 w dniach 18, 19 i 20 sierpnia w godz. 10.00-12.00 oraz 17.00-20.00 w dolnym ko\u015bciele parafii Matki Boskiej Zwyci\u0119skiej. Istnieje mo\u017cliwo\u015b\u0107 zapisu w formie on-line. Dnia 23 sierpnia na Jasn\u0105 G\u00f3r\u0119 wyruszy r\u00f3wnie\u017c grupa rowerowa naszej pielgrzymki. <\/li>\n<\/ol>\n","protected":false},"excerpt":{"rendered":"","protected":false},"author":2,"featured_media":619,"comment_status":"closed","ping_status":"closed","sticky":false,"template":"","format":"standard","meta":{"footnotes":""},"categories":[2],"tags":[],"class_list":["post-1025","post","type-post","status-publish","format-standard","has-post-thumbnail","hentry","category-aktualnosci"],"_links":{"self":[{"href":"https:\/\/wspomozycielka-lodz.pl\/index.php?rest_route=\/wp\/v2\/posts\/1025","targetHints":{"allow":["GET"]}}],"collection":[{"href":"https:\/\/wspomozycielka-lodz.pl\/index.php?rest_route=\/wp\/v2\/posts"}],"about":[{"href":"https:\/\/wspomozycielka-lodz.pl\/index.php?rest_route=\/wp\/v2\/types\/post"}],"author":[{"embeddable":true,"href":"https:\/\/wspomozycielka-lodz.pl\/index.php?rest_route=\/wp\/v2\/users\/2"}],"replies":[{"embeddable":true,"href":"https:\/\/wspomozycielka-lodz.pl\/index.php?rest_route=%2Fwp%2Fv2%2Fcomments&post=1025"}],"version-history":[{"count":1,"href":"https:\/\/wspomozycielka-lodz.pl\/index.php?rest_route=\/wp\/v2\/posts\/1025\/revisions"}],"predecessor-version":[{"id":1026,"href":"https:\/\/wspomozycielka-lodz.pl\/index.php?rest_route=\/wp\/v2\/posts\/1025\/revisions\/1026"}],"wp:featuredmedia":[{"embeddable":true,"href":"https:\/\/wspomozycielka-lodz.pl\/index.php?rest_route=\/wp\/v2\/media\/619"}],"wp:attachment":[{"href":"https:\/\/wspomozycielka-lodz.pl\/index.php?rest_route=%2Fwp%2Fv2%2Fmedia&parent=1025"}],"wp:term":[{"taxonomy":"category","embeddable":true,"href":"https:\/\/wspomozycielka-lodz.pl\/index.php?rest_route=%2Fwp%2Fv2%2Fcategories&post=1025"},{"taxonomy":"post_tag","embeddable":true,"href":"https:\/\/wspomozycielka-lodz.pl\/index.php?rest_route=%2Fwp%2Fv2%2Ftags&post=1025"}],"curies":[{"name":"wp","href":"https:\/\/api.w.org\/{rel}","templated":true}]}}