{"id":1023,"date":"2025-08-09T12:29:04","date_gmt":"2025-08-09T10:29:04","guid":{"rendered":"https:\/\/wspomozycielka-lodz.pl\/?p=1023"},"modified":"2025-08-09T12:29:05","modified_gmt":"2025-08-09T10:29:05","slug":"ogloszenia-parafialne-10-08-2025","status":"publish","type":"post","link":"https:\/\/wspomozycielka-lodz.pl\/?p=1023","title":{"rendered":"OG\u0141OSZENIA PARAFIALNE (10.08.2025)"},"content":{"rendered":"\n<p>1. W pi\u0105tek \u015bwi\u0119towa\u0107 b\u0119dziemy uroczysto\u015b\u0107 Wniebowzi\u0119cia NMP. W tym dniu istnieje obowi\u0105zek uczestnictwa w Eucharystii. Msze \u015bwi\u0119te jak w niedziel\u0119. W polskiej tradycji to \u015bwi\u0119to zwane jest r\u00f3wnie\u017c \u015bwi\u0119tem Matki Bo\u017cej Zielnej. Podczas ka\u017cdej Mszy b\u0119dzie po\u015bwi\u0119cenie zi\u00f3\u0142 i kwiat\u00f3w. Z racji uroczysto\u015bci nie obowi\u0105zuje w tym dniu wstrzemi\u0119\u017aliwo\u015b\u0107 od pokarm\u00f3w mi\u0119snych.<\/p>\n\n\n\n<p>2. Zapraszamy do udzia\u0142u w pieszych pielgrzymkach, kt\u00f3re wyrusz\u0105 z wielu miejsc naszej Archidiecezji na Jasn\u0105 G\u00f3r\u0119. Has\u0142o tegorocznego pielgrzymowania brzmi: Pielgrzymi nadziei. 100. \u0141\u00f3dzka Piesza Pielgrzymka na Jasn\u0105 G\u00f3r\u0119, jak co roku, wyruszy 21 sierpnia z Sanktuarium Matki Boskiej Zwyci\u0119skiej w \u0141odzi. Zapisy odb\u0119d\u0105 si\u0119 w dniach 16, 18, 19 i 20 sierpnia w godz. 10.00-12.00 oraz 17.00-20.00 w dolnym ko\u015bciele parafii Matki Boskiej Zwyci\u0119skiej. Istnieje mo\u017cliwo\u015b\u0107 zapisu w formie on-line. Dnia 23 sierpnia na Jasn\u0105 G\u00f3r\u0119 wyruszy r\u00f3wnie\u017c grupa rowerowa naszej pielgrzymki. Zach\u0119camy r\u00f3wnie\u017c tych pielgrzym\u00f3w, kt\u00f3rzy nie b\u0119d\u0105 mogli pielgrzymowa\u0107 pieszo, do podj\u0119cia pielgrzymowania duchowego. Na stoliku przy skarbonie jest lista duchowych pielgrzym\u00f3w, na kt\u00f3r\u0105 mo\u017cna si\u0119 wpisa\u0107 i wzi\u0105\u0107 ze sob\u0105 legitymacj\u0119 duchowego pielgrzyma.<\/p>\n","protected":false},"excerpt":{"rendered":"<p>1. W pi\u0105tek \u015bwi\u0119towa\u0107 b\u0119dziemy uroczysto\u015b\u0107 Wniebowzi\u0119cia NMP. W tym dniu istnieje obowi\u0105zek uczestnictwa w Eucharystii. Msze \u015bwi\u0119te jak w niedziel\u0119. W polskiej tradycji to \u015bwi\u0119to zwane jest r\u00f3wnie\u017c \u015bwi\u0119tem Matki Bo\u017cej Zielnej. Podczas ka\u017cdej Mszy b\u0119dzie po\u015bwi\u0119cenie zi\u00f3\u0142 i kwiat\u00f3w. Z racji uroczysto\u015bci nie obowi\u0105zuje w tym dniu wstrzemi\u0119\u017aliwo\u015b\u0107 [&hellip;]<\/p>\n","protected":false},"author":2,"featured_media":619,"comment_status":"closed","ping_status":"closed","sticky":false,"template":"","format":"standard","meta":{"footnotes":""},"categories":[2],"tags":[],"class_list":["post-1023","post","type-post","status-publish","format-standard","has-post-thumbnail","hentry","category-aktualnosci"],"_links":{"self":[{"href":"https:\/\/wspomozycielka-lodz.pl\/index.php?rest_route=\/wp\/v2\/posts\/1023","targetHints":{"allow":["GET"]}}],"collection":[{"href":"https:\/\/wspomozycielka-lodz.pl\/index.php?rest_route=\/wp\/v2\/posts"}],"about":[{"href":"https:\/\/wspomozycielka-lodz.pl\/index.php?rest_route=\/wp\/v2\/types\/post"}],"author":[{"embeddable":true,"href":"https:\/\/wspomozycielka-lodz.pl\/index.php?rest_route=\/wp\/v2\/users\/2"}],"replies":[{"embeddable":true,"href":"https:\/\/wspomozycielka-lodz.pl\/index.php?rest_route=%2Fwp%2Fv2%2Fcomments&post=1023"}],"version-history":[{"count":1,"href":"https:\/\/wspomozycielka-lodz.pl\/index.php?rest_route=\/wp\/v2\/posts\/1023\/revisions"}],"predecessor-version":[{"id":1024,"href":"https:\/\/wspomozycielka-lodz.pl\/index.php?rest_route=\/wp\/v2\/posts\/1023\/revisions\/1024"}],"wp:featuredmedia":[{"embeddable":true,"href":"https:\/\/wspomozycielka-lodz.pl\/index.php?rest_route=\/wp\/v2\/media\/619"}],"wp:attachment":[{"href":"https:\/\/wspomozycielka-lodz.pl\/index.php?rest_route=%2Fwp%2Fv2%2Fmedia&parent=1023"}],"wp:term":[{"taxonomy":"category","embeddable":true,"href":"https:\/\/wspomozycielka-lodz.pl\/index.php?rest_route=%2Fwp%2Fv2%2Fcategories&post=1023"},{"taxonomy":"post_tag","embeddable":true,"href":"https:\/\/wspomozycielka-lodz.pl\/index.php?rest_route=%2Fwp%2Fv2%2Ftags&post=1023"}],"curies":[{"name":"wp","href":"https:\/\/api.w.org\/{rel}","templated":true}]}}