{"id":1019,"date":"2025-07-26T22:14:16","date_gmt":"2025-07-26T20:14:16","guid":{"rendered":"https:\/\/wspomozycielka-lodz.pl\/?p=1019"},"modified":"2025-07-26T22:14:16","modified_gmt":"2025-07-26T20:14:16","slug":"ogloszenia-parafialne-27-07-2025","status":"publish","type":"post","link":"https:\/\/wspomozycielka-lodz.pl\/?p=1019","title":{"rendered":"OG\u0141OSZENIA PARAFIALNE (27.07.2025)"},"content":{"rendered":"\n<p>1. W pi\u0105tek przed po\u0142udniem odwiedziny chorych.<\/p>\n\n\n\n<p>2. Dzi\u015b przeprowadzana jest zbi\u00f3rka ofiar do puszek na dzie\u0142a Caritas Archidiecezji \u0141\u00f3dzkiej.<\/p>\n\n\n\n<p>3. Dzi\u015b te\u017c mo\u017cna z\u0142o\u017cy\u0107 ofiar\u0119 do puszki na Radio Maryja. <\/p>\n\n\n\n<p>4. Z naszej wsp\u00f3lnoty parafialnej do wieczno\u015bci odesz\u0142a: Teresa Klimek, lat 77. <em>Wieczny odpoczynek racz jej da\u0107, Panie<\/em>&#8230;<\/p>\n","protected":false},"excerpt":{"rendered":"<p>1. W pi\u0105tek przed po\u0142udniem odwiedziny chorych. 2. Dzi\u015b przeprowadzana jest zbi\u00f3rka ofiar do puszek na dzie\u0142a Caritas Archidiecezji \u0141\u00f3dzkiej. 3. Dzi\u015b te\u017c mo\u017cna z\u0142o\u017cy\u0107 ofiar\u0119 do puszki na Radio Maryja. 4. Z naszej wsp\u00f3lnoty parafialnej do wieczno\u015bci odesz\u0142a: Teresa Klimek, lat 77. Wieczny odpoczynek racz jej da\u0107, Panie&#8230;<\/p>\n","protected":false},"author":2,"featured_media":619,"comment_status":"closed","ping_status":"closed","sticky":false,"template":"","format":"standard","meta":{"footnotes":""},"categories":[2],"tags":[],"class_list":["post-1019","post","type-post","status-publish","format-standard","has-post-thumbnail","hentry","category-aktualnosci"],"_links":{"self":[{"href":"https:\/\/wspomozycielka-lodz.pl\/index.php?rest_route=\/wp\/v2\/posts\/1019","targetHints":{"allow":["GET"]}}],"collection":[{"href":"https:\/\/wspomozycielka-lodz.pl\/index.php?rest_route=\/wp\/v2\/posts"}],"about":[{"href":"https:\/\/wspomozycielka-lodz.pl\/index.php?rest_route=\/wp\/v2\/types\/post"}],"author":[{"embeddable":true,"href":"https:\/\/wspomozycielka-lodz.pl\/index.php?rest_route=\/wp\/v2\/users\/2"}],"replies":[{"embeddable":true,"href":"https:\/\/wspomozycielka-lodz.pl\/index.php?rest_route=%2Fwp%2Fv2%2Fcomments&post=1019"}],"version-history":[{"count":1,"href":"https:\/\/wspomozycielka-lodz.pl\/index.php?rest_route=\/wp\/v2\/posts\/1019\/revisions"}],"predecessor-version":[{"id":1020,"href":"https:\/\/wspomozycielka-lodz.pl\/index.php?rest_route=\/wp\/v2\/posts\/1019\/revisions\/1020"}],"wp:featuredmedia":[{"embeddable":true,"href":"https:\/\/wspomozycielka-lodz.pl\/index.php?rest_route=\/wp\/v2\/media\/619"}],"wp:attachment":[{"href":"https:\/\/wspomozycielka-lodz.pl\/index.php?rest_route=%2Fwp%2Fv2%2Fmedia&parent=1019"}],"wp:term":[{"taxonomy":"category","embeddable":true,"href":"https:\/\/wspomozycielka-lodz.pl\/index.php?rest_route=%2Fwp%2Fv2%2Fcategories&post=1019"},{"taxonomy":"post_tag","embeddable":true,"href":"https:\/\/wspomozycielka-lodz.pl\/index.php?rest_route=%2Fwp%2Fv2%2Ftags&post=1019"}],"curies":[{"name":"wp","href":"https:\/\/api.w.org\/{rel}","templated":true}]}}