{"id":1011,"date":"2025-06-28T10:37:17","date_gmt":"2025-06-28T08:37:17","guid":{"rendered":"https:\/\/wspomozycielka-lodz.pl\/?p=1011"},"modified":"2025-06-28T10:37:17","modified_gmt":"2025-06-28T08:37:17","slug":"ogloszenia-parafialne-29-06-2025","status":"publish","type":"post","link":"https:\/\/wspomozycielka-lodz.pl\/?p=1011","title":{"rendered":"OG\u0141OSZENIA PARAFIALNE (29.06.2025)"},"content":{"rendered":"\n<p>1. Nabo\u017ce\u0144stwa czerwcowe o godz. 17.30.<\/p>\n\n\n\n<p>2. W poniedzia\u0142ek miesi\u0119czne wspomnienie \u015bw. Jana Bosko.<\/p>\n\n\n\n<p>3. We wtorek na Mszy wieczornej b\u0119dziemy si\u0119 modli\u0107 za zmar\u0142ych polecanych w wypominkach.<\/p>\n\n\n\n<p>4. W \u015brod\u0119 na Mszy wieczornej b\u0119dziemy si\u0119 modli\u0107 za nasz\u0105 Ojczyzn\u0119.<\/p>\n\n\n\n<p>5. W czwartek na Mszy wieczornej b\u0119dziemy si\u0119 modli\u0107 za kap\u0142an\u00f3w i osoby konsekrowane oraz o nowe powo\u0142ania.<\/p>\n\n\n\n<p>6. W pi\u0105tek przed po\u0142udniem odwiedziny chorych.<\/p>\n\n\n\n<p>7. W sobot\u0119 wymiana tajemnic r\u00f3\u017ca\u0144cowych.<\/p>\n\n\n\n<p>8. Oratorium zaprasza dzi\u015b na ostatnie przed wakacjami \u201eOratorium rodzinne\u201d po Mszy \u015bw. o godz. 11.30. <\/p>\n\n\n\n<p>9. Rozpocz\u0105\u0142 si\u0119 okres wakacyjny, dlatego kancelaria parafialna b\u0119dzie czynna tylko we wtorki i czwartki w godz. 10-11.30 i 16-17. W pilnych sprawach prosz\u0119 si\u0119 kontaktowa\u0107 telefonicznie lub przez portierni\u0119 domu zakonnego. W czasie wakacyjnym nie b\u0119dzie te\u017c spotka\u0144 grup parafialnych, nowenny do Wspomo\u017cycielki oraz czwartkowych adoracji. Powr\u00f3cimy do naszych praktyk duchowych i spotka\u0144 od wrze\u015bnia.<\/p>\n","protected":false},"excerpt":{"rendered":"<p>1. Nabo\u017ce\u0144stwa czerwcowe o godz. 17.30. 2. W poniedzia\u0142ek miesi\u0119czne wspomnienie \u015bw. Jana Bosko. 3. We wtorek na Mszy wieczornej b\u0119dziemy si\u0119 modli\u0107 za zmar\u0142ych polecanych w wypominkach. 4. W \u015brod\u0119 na Mszy wieczornej b\u0119dziemy si\u0119 modli\u0107 za nasz\u0105 Ojczyzn\u0119. 5. W czwartek na Mszy wieczornej b\u0119dziemy si\u0119 modli\u0107 za [&hellip;]<\/p>\n","protected":false},"author":2,"featured_media":619,"comment_status":"closed","ping_status":"closed","sticky":false,"template":"","format":"standard","meta":{"footnotes":""},"categories":[2],"tags":[],"class_list":["post-1011","post","type-post","status-publish","format-standard","has-post-thumbnail","hentry","category-aktualnosci"],"_links":{"self":[{"href":"https:\/\/wspomozycielka-lodz.pl\/index.php?rest_route=\/wp\/v2\/posts\/1011","targetHints":{"allow":["GET"]}}],"collection":[{"href":"https:\/\/wspomozycielka-lodz.pl\/index.php?rest_route=\/wp\/v2\/posts"}],"about":[{"href":"https:\/\/wspomozycielka-lodz.pl\/index.php?rest_route=\/wp\/v2\/types\/post"}],"author":[{"embeddable":true,"href":"https:\/\/wspomozycielka-lodz.pl\/index.php?rest_route=\/wp\/v2\/users\/2"}],"replies":[{"embeddable":true,"href":"https:\/\/wspomozycielka-lodz.pl\/index.php?rest_route=%2Fwp%2Fv2%2Fcomments&post=1011"}],"version-history":[{"count":1,"href":"https:\/\/wspomozycielka-lodz.pl\/index.php?rest_route=\/wp\/v2\/posts\/1011\/revisions"}],"predecessor-version":[{"id":1012,"href":"https:\/\/wspomozycielka-lodz.pl\/index.php?rest_route=\/wp\/v2\/posts\/1011\/revisions\/1012"}],"wp:featuredmedia":[{"embeddable":true,"href":"https:\/\/wspomozycielka-lodz.pl\/index.php?rest_route=\/wp\/v2\/media\/619"}],"wp:attachment":[{"href":"https:\/\/wspomozycielka-lodz.pl\/index.php?rest_route=%2Fwp%2Fv2%2Fmedia&parent=1011"}],"wp:term":[{"taxonomy":"category","embeddable":true,"href":"https:\/\/wspomozycielka-lodz.pl\/index.php?rest_route=%2Fwp%2Fv2%2Fcategories&post=1011"},{"taxonomy":"post_tag","embeddable":true,"href":"https:\/\/wspomozycielka-lodz.pl\/index.php?rest_route=%2Fwp%2Fv2%2Ftags&post=1011"}],"curies":[{"name":"wp","href":"https:\/\/api.w.org\/{rel}","templated":true}]}}