{"id":1008,"date":"2025-06-20T20:53:58","date_gmt":"2025-06-20T18:53:58","guid":{"rendered":"https:\/\/wspomozycielka-lodz.pl\/?p=1008"},"modified":"2025-06-20T21:17:06","modified_gmt":"2025-06-20T19:17:06","slug":"ogloszenia-parafialne-22-06-2025","status":"publish","type":"post","link":"https:\/\/wspomozycielka-lodz.pl\/?p=1008","title":{"rendered":"OG\u0141OSZENIA PARAFIALNE (22.06.2025)"},"content":{"rendered":"\n<p>1. Nabo\u017ce\u0144stwa czerwcowe z nowenn\u0105 do Maryi Wspomo\u017cycielki do poniedzia\u0142ku o godz. 17.15. We wtorek ho\u0142d ku czci Maryi Wspomo\u017cycielki z nabo\u017ce\u0144stwem czerwcowym o godz. 17.15. Od \u015brody samo ju\u017c nabo\u017ce\u0144stwo czerwcowe o godz. 17.30.<\/p>\n\n\n\n<p>2. We wtorek obchodzimy uroczysto\u015b\u0107 Narodzenia \u015bw. Jana Chrzciciela. Na Mszy wieczornej sw\u00f3j akt oddania Maryi wypowiedz\u0105 osoby nale\u017c\u0105ce do Stowarzyszenia Czcicieli Maryi Wspomo\u017cycielki (ADMA). Zach\u0119camy r\u00f3wnie\u017c innych do przyst\u0105pienia do tej wsp\u00f3lnoty. Po Mszy wieczornej b\u0119dzie spotkanie czcicieli Maryi Wspomo\u017cycielki.<\/p>\n\n\n\n<p>3. W czwartek po Mszy wieczornej adoracja Naj\u015bwi\u0119tszego Sakramentu.<\/p>\n\n\n\n<p>4. W pi\u0105tek obchodzimy uroczysto\u015b\u0107 Naj\u015bwi\u0119tszego Serca Pana Jezusa. Z racji uroczysto\u015bci nie obowi\u0105zuje wstrzemi\u0119\u017aliwo\u015b\u0107 od pokarm\u00f3w mi\u0119snych. Stra\u017c Honorowa zaprasza w tym dniu na adoracj\u0119 o godz. 17.00.<\/p>\n\n\n\n<p>5. W przysz\u0142\u0105 sobot\u0119 od godz. 11.00 do 13.00 b\u0119dzie adoracja Naj\u015bwi\u0119tszego Sakramentu w intencji naszego miasta w \u0142\u0105czno\u015bci duchowej z innymi \u0142\u00f3dzkimi parafiami oraz z \u0141\u00f3dzkim Jerychem rowerowym, kt\u00f3re wyruszy ju\u017c po raz si\u00f3dmy na ulice naszego miasta, by wyprasza\u0107&nbsp; b\u0142ogos\u0142awie\u0144stwo dla \u0141odzi i jej mieszka\u0144c\u00f3w.<\/p>\n\n\n\n<p>6. W przysz\u0142\u0105 niedziel\u0119 obchodzimy uroczysto\u015b\u0107 \u015bwi\u0119tych aposto\u0142\u00f3w Piotra i Paw\u0142a. Na Mszy o godz. 11.30 b\u0119dziemy si\u0119 modli\u0107 za solenizant\u00f3w: ks. Piotra Szlufika, ks. Piotra Boczul\u0119 i ks. Paw\u0142a Szczepa\u0144skiego.<\/p>\n\n\n\n<p>7. Dzi\u015b mo\u017cna z\u0142o\u017cy\u0107 ofiar\u0119 do puszki na wsparcie dzia\u0142a\u0144 wakacyjnych Oratorium dla dzieci i m\u0142odzie\u017cy z potrzebuj\u0105cych rodzin. Dzi\u0119kujemy ju\u017c teraz wszystkim ofiarodawcom za ten dar serca. <\/p>\n\n\n\n<p>8. Oratorium zaprasza w nast\u0119pn\u0105 niedziel\u0119, 29 czerwca, na ostatnie przed wakacjami \u201eOratorium rodzinne\u201d, kt\u00f3re po\u0142\u0105czymy ze \u015bwi\u0119towaniem imienin ks. kierownika Piotra Szlufika, ks. Piotra Boczuli i ks. Paw\u0142a Szczepa\u0144skiego.<\/p>\n\n\n\n<p><\/p>\n","protected":false},"excerpt":{"rendered":"<p>1. Nabo\u017ce\u0144stwa czerwcowe z nowenn\u0105 do Maryi Wspomo\u017cycielki do poniedzia\u0142ku o godz. 17.15. We wtorek ho\u0142d ku czci Maryi Wspomo\u017cycielki z nabo\u017ce\u0144stwem czerwcowym o godz. 17.15. Od \u015brody samo ju\u017c nabo\u017ce\u0144stwo czerwcowe o godz. 17.30. 2. We wtorek obchodzimy uroczysto\u015b\u0107 Narodzenia \u015bw. Jana Chrzciciela. Na Mszy wieczornej sw\u00f3j akt oddania [&hellip;]<\/p>\n","protected":false},"author":2,"featured_media":619,"comment_status":"closed","ping_status":"closed","sticky":false,"template":"","format":"standard","meta":{"footnotes":""},"categories":[2],"tags":[],"class_list":["post-1008","post","type-post","status-publish","format-standard","has-post-thumbnail","hentry","category-aktualnosci"],"_links":{"self":[{"href":"https:\/\/wspomozycielka-lodz.pl\/index.php?rest_route=\/wp\/v2\/posts\/1008","targetHints":{"allow":["GET"]}}],"collection":[{"href":"https:\/\/wspomozycielka-lodz.pl\/index.php?rest_route=\/wp\/v2\/posts"}],"about":[{"href":"https:\/\/wspomozycielka-lodz.pl\/index.php?rest_route=\/wp\/v2\/types\/post"}],"author":[{"embeddable":true,"href":"https:\/\/wspomozycielka-lodz.pl\/index.php?rest_route=\/wp\/v2\/users\/2"}],"replies":[{"embeddable":true,"href":"https:\/\/wspomozycielka-lodz.pl\/index.php?rest_route=%2Fwp%2Fv2%2Fcomments&post=1008"}],"version-history":[{"count":2,"href":"https:\/\/wspomozycielka-lodz.pl\/index.php?rest_route=\/wp\/v2\/posts\/1008\/revisions"}],"predecessor-version":[{"id":1010,"href":"https:\/\/wspomozycielka-lodz.pl\/index.php?rest_route=\/wp\/v2\/posts\/1008\/revisions\/1010"}],"wp:featuredmedia":[{"embeddable":true,"href":"https:\/\/wspomozycielka-lodz.pl\/index.php?rest_route=\/wp\/v2\/media\/619"}],"wp:attachment":[{"href":"https:\/\/wspomozycielka-lodz.pl\/index.php?rest_route=%2Fwp%2Fv2%2Fmedia&parent=1008"}],"wp:term":[{"taxonomy":"category","embeddable":true,"href":"https:\/\/wspomozycielka-lodz.pl\/index.php?rest_route=%2Fwp%2Fv2%2Fcategories&post=1008"},{"taxonomy":"post_tag","embeddable":true,"href":"https:\/\/wspomozycielka-lodz.pl\/index.php?rest_route=%2Fwp%2Fv2%2Ftags&post=1008"}],"curies":[{"name":"wp","href":"https:\/\/api.w.org\/{rel}","templated":true}]}}