{"id":1006,"date":"2025-06-15T07:29:14","date_gmt":"2025-06-15T05:29:14","guid":{"rendered":"https:\/\/wspomozycielka-lodz.pl\/?p=1006"},"modified":"2025-06-15T07:29:14","modified_gmt":"2025-06-15T05:29:14","slug":"ogloszenia-parafialne-15-06-2025","status":"publish","type":"post","link":"https:\/\/wspomozycielka-lodz.pl\/?p=1006","title":{"rendered":"OG\u0141OSZENIA PARAFIALNE (15.06.2025)"},"content":{"rendered":"\n<p>1. Dzi\u015b rozpoczynamy nowenn\u0119 do Maryi Wspomo\u017cycielki, kt\u00f3ra wraz z nabo\u017ce\u0144stwem czerwcowym b\u0119dzie o godz. 17.15.<\/p>\n\n\n\n<p>2. W czwartek obchodzi\u0107 b\u0119dziemy uroczysto\u015b\u0107 Naj\u015bwi\u0119tszego Cia\u0142a i Krwi Chrystusa. Przypominamy, \u017ce w tym dniu mamy obowi\u0105zek uczestnictwa w Mszy \u015bw. Po Mszy o godz. 10.00 procesja ulicami parafii do czterech o\u0142tarzy. W tym dniu nie b\u0119dzie Mszy o godz. 11.30. Nie b\u0119dzie r\u00f3wnie\u017c wieczornej adoracji.<\/p>\n\n\n\n<p>3. Przed wej\u015bciem do ko\u015bcio\u0142a Salezjanie Wsp\u00f3\u0142pracownicy zbieraj\u0105 ofiary do puszki na kwiaty na Bo\u017ce Cia\u0142o.<\/p>\n\n\n\n<p>4. Dzi\u015b i w przysz\u0142\u0105 niedziel\u0119 mo\u017cna z\u0142o\u017cy\u0107 ofiar\u0119 do puszki na wsparcie wakacyjnych wydarze\u0144 dla dzieci i m\u0142odzie\u017cy z naszego Oratorium. Za ten dar serca dla potrzebuj\u0105cych wsparcia sk\u0142adamy serdeczne \u201eB\u00f3g zap\u0142a\u0107\u201d, zapewniaj\u0105c o modlitwie najm\u0142odszych za wszystkich ofiarodawc\u00f3w. <\/p>\n\n\n\n<p>5. Z naszej wsp\u00f3lnoty parafialnej do wieczno\u015bci odszed\u0142: Janusz Potasi\u0144ski, lat 65. <em>Wieczny odpoczynek racz mu da\u0107, Panie<\/em>&#8230;<\/p>\n","protected":false},"excerpt":{"rendered":"<p>1. Dzi\u015b rozpoczynamy nowenn\u0119 do Maryi Wspomo\u017cycielki, kt\u00f3ra wraz z nabo\u017ce\u0144stwem czerwcowym b\u0119dzie o godz. 17.15. 2. W czwartek obchodzi\u0107 b\u0119dziemy uroczysto\u015b\u0107 Naj\u015bwi\u0119tszego Cia\u0142a i Krwi Chrystusa. Przypominamy, \u017ce w tym dniu mamy obowi\u0105zek uczestnictwa w Mszy \u015bw. Po Mszy o godz. 10.00 procesja ulicami parafii do czterech o\u0142tarzy. W [&hellip;]<\/p>\n","protected":false},"author":2,"featured_media":619,"comment_status":"closed","ping_status":"closed","sticky":false,"template":"","format":"standard","meta":{"footnotes":""},"categories":[2],"tags":[],"class_list":["post-1006","post","type-post","status-publish","format-standard","has-post-thumbnail","hentry","category-aktualnosci"],"_links":{"self":[{"href":"https:\/\/wspomozycielka-lodz.pl\/index.php?rest_route=\/wp\/v2\/posts\/1006","targetHints":{"allow":["GET"]}}],"collection":[{"href":"https:\/\/wspomozycielka-lodz.pl\/index.php?rest_route=\/wp\/v2\/posts"}],"about":[{"href":"https:\/\/wspomozycielka-lodz.pl\/index.php?rest_route=\/wp\/v2\/types\/post"}],"author":[{"embeddable":true,"href":"https:\/\/wspomozycielka-lodz.pl\/index.php?rest_route=\/wp\/v2\/users\/2"}],"replies":[{"embeddable":true,"href":"https:\/\/wspomozycielka-lodz.pl\/index.php?rest_route=%2Fwp%2Fv2%2Fcomments&post=1006"}],"version-history":[{"count":1,"href":"https:\/\/wspomozycielka-lodz.pl\/index.php?rest_route=\/wp\/v2\/posts\/1006\/revisions"}],"predecessor-version":[{"id":1007,"href":"https:\/\/wspomozycielka-lodz.pl\/index.php?rest_route=\/wp\/v2\/posts\/1006\/revisions\/1007"}],"wp:featuredmedia":[{"embeddable":true,"href":"https:\/\/wspomozycielka-lodz.pl\/index.php?rest_route=\/wp\/v2\/media\/619"}],"wp:attachment":[{"href":"https:\/\/wspomozycielka-lodz.pl\/index.php?rest_route=%2Fwp%2Fv2%2Fmedia&parent=1006"}],"wp:term":[{"taxonomy":"category","embeddable":true,"href":"https:\/\/wspomozycielka-lodz.pl\/index.php?rest_route=%2Fwp%2Fv2%2Fcategories&post=1006"},{"taxonomy":"post_tag","embeddable":true,"href":"https:\/\/wspomozycielka-lodz.pl\/index.php?rest_route=%2Fwp%2Fv2%2Ftags&post=1006"}],"curies":[{"name":"wp","href":"https:\/\/api.w.org\/{rel}","templated":true}]}}