{"id":1004,"date":"2025-06-07T09:28:57","date_gmt":"2025-06-07T07:28:57","guid":{"rendered":"https:\/\/wspomozycielka-lodz.pl\/?p=1004"},"modified":"2025-06-07T09:28:57","modified_gmt":"2025-06-07T07:28:57","slug":"ogloszenia-parafialne-8-06-2025","status":"publish","type":"post","link":"https:\/\/wspomozycielka-lodz.pl\/?p=1004","title":{"rendered":"OG\u0141OSZENIA PARAFIALNE (8.06.2025)"},"content":{"rendered":"\n<p>1. Nabo\u017ce\u0144stwa czerwcowe o godz. 17.30.<\/p>\n\n\n\n<p>2. W czwartek po Mszy wieczornej adoracja Naj\u015bwi\u0119tszego Sakramentu.<\/p>\n\n\n\n<p>3. W sobot\u0119 ostatnie przed wakacjami spotkanie Salezjan\u00f3w Wsp\u00f3\u0142pracownik\u00f3w w Czerwi\u0144sku nad Wis\u0142\u0105.<\/p>\n\n\n\n<p>4. Wsp\u00f3lnota Efez wraz z zespo\u0142em Ocaleni Worship zaprasza dzi\u015b na uwielbienie o godz. 19.00 w auli naszej szko\u0142y salezja\u0144skiej na Wodnej.<\/p>\n\n\n\n<p>5. Stowarzyszenie Oratorium im. \u015bw. Dominika Savio w \u0141odzi zaprasza cz\u0142onk\u00f3w zwyczajnych na walne zgromadzenie sprawozdawczo-wyborcze w poniedzia\u0142ek o godz. 18.30 w oratorium.<\/p>\n\n\n\n<p>6. Nasze Oratorium organizuje w wakacje:<\/p>\n\n\n\n<p>* Dwa turnusy p\u00f3\u0142kolonii dla dzieci i m\u0142odzie\u017cy szkolnej. Zaj\u0119cia odbywa\u0107 si\u0119 b\u0119d\u0105 od poniedzia\u0142ku do pi\u0105tku w godz. 9.00-17.00. Turnus I odb\u0119dzie si\u0119 w dniach 30 czerwca &#8211; 4 lipca, a turnus II od 7 do 11 lipca. Koszt za osob\u0119 w turnusie 250 z\u0142. Informacje i zapisy do 13 czerwca w biurze oratorium.<\/p>\n\n\n\n<p>* Zapraszamy r\u00f3wnie\u017c na Letni\u0105 M\u0142odzie\u017cow\u0105 Szko\u0142\u0119 Lidera i Wolontariusza od 14 do 18 lipca, kt\u00f3ra odbywa\u0107 si\u0119 b\u0119dzie w oratorium. To propozycja pi\u0119ciu spotka\u0144 od godz. 14.00 do 17.30, aby pozna\u0107 umiej\u0119tno\u015bci lidera i misj\u0119 wolontariatu.<\/p>\n\n\n\n<p>* Dla dzieci i m\u0142odzie\u017cy z klubu \u015brodowiskowego oraz oratorium proponujemy \u201eW\u0119drowne oratorium\u201d od 11 do 14 sierpnia &#8211; koszt 30 z\u0142.<\/p>\n\n\n\n<p>* Dla os\u00f3b od 14. roku \u017cycia b\u0119dzie wyjazd na \u201eFestiwal Campo Bosco\u201d do Czerwi\u0144ska nad Wis\u0142\u0105, od 21 do 24 sierpnia. <\/p>\n\n\n\n<p>Wszelkie informacje o tych wydarzeniach wakacyjnych u ks. Piotra, kierownika oratorium.<\/p>\n","protected":false},"excerpt":{"rendered":"<p>1. Nabo\u017ce\u0144stwa czerwcowe o godz. 17.30. 2. W czwartek po Mszy wieczornej adoracja Naj\u015bwi\u0119tszego Sakramentu. 3. W sobot\u0119 ostatnie przed wakacjami spotkanie Salezjan\u00f3w Wsp\u00f3\u0142pracownik\u00f3w w Czerwi\u0144sku nad Wis\u0142\u0105. 4. Wsp\u00f3lnota Efez wraz z zespo\u0142em Ocaleni Worship zaprasza dzi\u015b na uwielbienie o godz. 19.00 w auli naszej szko\u0142y salezja\u0144skiej na Wodnej. [&hellip;]<\/p>\n","protected":false},"author":2,"featured_media":619,"comment_status":"closed","ping_status":"closed","sticky":false,"template":"","format":"standard","meta":{"footnotes":""},"categories":[2],"tags":[],"class_list":["post-1004","post","type-post","status-publish","format-standard","has-post-thumbnail","hentry","category-aktualnosci"],"_links":{"self":[{"href":"https:\/\/wspomozycielka-lodz.pl\/index.php?rest_route=\/wp\/v2\/posts\/1004","targetHints":{"allow":["GET"]}}],"collection":[{"href":"https:\/\/wspomozycielka-lodz.pl\/index.php?rest_route=\/wp\/v2\/posts"}],"about":[{"href":"https:\/\/wspomozycielka-lodz.pl\/index.php?rest_route=\/wp\/v2\/types\/post"}],"author":[{"embeddable":true,"href":"https:\/\/wspomozycielka-lodz.pl\/index.php?rest_route=\/wp\/v2\/users\/2"}],"replies":[{"embeddable":true,"href":"https:\/\/wspomozycielka-lodz.pl\/index.php?rest_route=%2Fwp%2Fv2%2Fcomments&post=1004"}],"version-history":[{"count":1,"href":"https:\/\/wspomozycielka-lodz.pl\/index.php?rest_route=\/wp\/v2\/posts\/1004\/revisions"}],"predecessor-version":[{"id":1005,"href":"https:\/\/wspomozycielka-lodz.pl\/index.php?rest_route=\/wp\/v2\/posts\/1004\/revisions\/1005"}],"wp:featuredmedia":[{"embeddable":true,"href":"https:\/\/wspomozycielka-lodz.pl\/index.php?rest_route=\/wp\/v2\/media\/619"}],"wp:attachment":[{"href":"https:\/\/wspomozycielka-lodz.pl\/index.php?rest_route=%2Fwp%2Fv2%2Fmedia&parent=1004"}],"wp:term":[{"taxonomy":"category","embeddable":true,"href":"https:\/\/wspomozycielka-lodz.pl\/index.php?rest_route=%2Fwp%2Fv2%2Fcategories&post=1004"},{"taxonomy":"post_tag","embeddable":true,"href":"https:\/\/wspomozycielka-lodz.pl\/index.php?rest_route=%2Fwp%2Fv2%2Ftags&post=1004"}],"curies":[{"name":"wp","href":"https:\/\/api.w.org\/{rel}","templated":true}]}}