{"id":1002,"date":"2025-05-31T09:04:52","date_gmt":"2025-05-31T07:04:52","guid":{"rendered":"https:\/\/wspomozycielka-lodz.pl\/?p=1002"},"modified":"2025-05-31T09:04:54","modified_gmt":"2025-05-31T07:04:54","slug":"ogloszenia-parafialne-1-06-2025","status":"publish","type":"post","link":"https:\/\/wspomozycielka-lodz.pl\/?p=1002","title":{"rendered":"OG\u0141OSZENIA PARAFIALNE (1.06.2025)"},"content":{"rendered":"\n<p>1. Nabo\u017ce\u0144stwa czerwcowe z nowenn\u0105 przed uroczysto\u015bci\u0105 Zes\u0142ania Ducha \u015awi\u0119tego o godz. 17.30.<\/p>\n\n\n\n<p>2. We wtorek na Mszy wieczornej modlimy si\u0119 za zmar\u0142ych polecanych w wypominkach.<\/p>\n\n\n\n<p>3. W \u015brod\u0119 modlimy si\u0119 za dobrodziej\u00f3w i za nasz\u0105 Ojczyzn\u0119. Po Mszy wieczornej spotkanie Wieczernika modlitwy za kap\u0142an\u00f3w.<\/p>\n\n\n\n<p>4. W czwartek modlimy si\u0119 za kap\u0142an\u00f3w i osoby konsekrowane oraz o nowe powo\u0142ania. Po Mszy wieczornej adoracja Naj\u015bwi\u0119tszego Sakramentu.<\/p>\n\n\n\n<p>5. W pi\u0105tek przed po\u0142udniem odwiedziny chorych. Od godz. 15.00 Godzina Mi\u0142osierdzia i adoracja Naj\u015bwi\u0119tszego Sakramentu. Po Mszy wieczornej spotkanie wsp\u00f3lnoty Stra\u017cy Honorowej NSPJ.<\/p>\n\n\n\n<p>6. W sobot\u0119 po Mszy porannej nabo\u017ce\u0144stwo i wymiana tajemnic r\u00f3\u017ca\u0144cowych, a po Mszy wieczornej o godz. 19.00 r\u00f3\u017caniec prowadzony przez wsp\u00f3lnot\u0119 \u017bywego R\u00f3\u017ca\u0144ca.<\/p>\n\n\n\n<p>7. Wsp\u00f3lnota Efez wraz z zespo\u0142em Ocaleni Worship zaprasza na uwielbienie w przysz\u0142\u0105 niedziel\u0119, 8 czerwca, o godz. 19.00 w auli naszej szko\u0142y salezja\u0144skiej na Wodnej.<\/p>\n\n\n\n<p>8. Dzi\u015b o godz. 11.30 nasz parafianin ks. Piotr Karos odprawi swoj\u0105 Msz\u0119 prymicyjn\u0105. Po tej Mszy zapraszamy na Salezja\u0144ski Festyn Rodzinny. <\/p>\n\n\n\n<p>9. Stowarzyszenie Oratorium im. \u015bw. Dominika Savio w \u0141odzi zaprasza cz\u0142onk\u00f3w zwyczajnych na walne zgromadzenie sprawozdawczo-wyborcze. Spotkanie odb\u0119dzie si\u0119 w poniedzia\u0142ek 9 czerwca o godz. 18.30 w oratorium.<\/p>\n","protected":false},"excerpt":{"rendered":"<p>1. Nabo\u017ce\u0144stwa czerwcowe z nowenn\u0105 przed uroczysto\u015bci\u0105 Zes\u0142ania Ducha \u015awi\u0119tego o godz. 17.30. 2. We wtorek na Mszy wieczornej modlimy si\u0119 za zmar\u0142ych polecanych w wypominkach. 3. W \u015brod\u0119 modlimy si\u0119 za dobrodziej\u00f3w i za nasz\u0105 Ojczyzn\u0119. Po Mszy wieczornej spotkanie Wieczernika modlitwy za kap\u0142an\u00f3w. 4. W czwartek modlimy si\u0119 [&hellip;]<\/p>\n","protected":false},"author":2,"featured_media":619,"comment_status":"closed","ping_status":"closed","sticky":false,"template":"","format":"standard","meta":{"footnotes":""},"categories":[2],"tags":[],"class_list":["post-1002","post","type-post","status-publish","format-standard","has-post-thumbnail","hentry","category-aktualnosci"],"_links":{"self":[{"href":"https:\/\/wspomozycielka-lodz.pl\/index.php?rest_route=\/wp\/v2\/posts\/1002","targetHints":{"allow":["GET"]}}],"collection":[{"href":"https:\/\/wspomozycielka-lodz.pl\/index.php?rest_route=\/wp\/v2\/posts"}],"about":[{"href":"https:\/\/wspomozycielka-lodz.pl\/index.php?rest_route=\/wp\/v2\/types\/post"}],"author":[{"embeddable":true,"href":"https:\/\/wspomozycielka-lodz.pl\/index.php?rest_route=\/wp\/v2\/users\/2"}],"replies":[{"embeddable":true,"href":"https:\/\/wspomozycielka-lodz.pl\/index.php?rest_route=%2Fwp%2Fv2%2Fcomments&post=1002"}],"version-history":[{"count":1,"href":"https:\/\/wspomozycielka-lodz.pl\/index.php?rest_route=\/wp\/v2\/posts\/1002\/revisions"}],"predecessor-version":[{"id":1003,"href":"https:\/\/wspomozycielka-lodz.pl\/index.php?rest_route=\/wp\/v2\/posts\/1002\/revisions\/1003"}],"wp:featuredmedia":[{"embeddable":true,"href":"https:\/\/wspomozycielka-lodz.pl\/index.php?rest_route=\/wp\/v2\/media\/619"}],"wp:attachment":[{"href":"https:\/\/wspomozycielka-lodz.pl\/index.php?rest_route=%2Fwp%2Fv2%2Fmedia&parent=1002"}],"wp:term":[{"taxonomy":"category","embeddable":true,"href":"https:\/\/wspomozycielka-lodz.pl\/index.php?rest_route=%2Fwp%2Fv2%2Fcategories&post=1002"},{"taxonomy":"post_tag","embeddable":true,"href":"https:\/\/wspomozycielka-lodz.pl\/index.php?rest_route=%2Fwp%2Fv2%2Ftags&post=1002"}],"curies":[{"name":"wp","href":"https:\/\/api.w.org\/{rel}","templated":true}]}}