{"id":1000,"date":"2025-05-23T23:06:25","date_gmt":"2025-05-23T21:06:25","guid":{"rendered":"https:\/\/wspomozycielka-lodz.pl\/?p=1000"},"modified":"2025-05-23T23:06:26","modified_gmt":"2025-05-23T21:06:26","slug":"ogloszenia-parafialne-25-05-2025","status":"publish","type":"post","link":"https:\/\/wspomozycielka-lodz.pl\/?p=1000","title":{"rendered":"OG\u0141OSZENIA PARAFIALNE (25.05.2025)"},"content":{"rendered":"\n<p>1. Nabo\u017ce\u0144stwa majowe o godz. 17.30.<\/p>\n\n\n\n<p>2. W czwartek po Mszy wieczornej adoracja Naj\u015bwi\u0119tszego Sakramentu.<\/p>\n\n\n\n<p>3. W pi\u0105tek rozpoczniemy nowenn\u0119 przed uroczysto\u015bci\u0105 Zes\u0142ania Ducha \u015awi\u0119tego o godz. 17.30.<\/p>\n\n\n\n<p>4. W sobot\u0119 wspomnienie miesi\u0119czne \u015bw. Jana Bosko.<\/p>\n\n\n\n<p>5. W przysz\u0142\u0105 niedziel\u0119 o godz. 11.30 nasz parafianin ks. Piotr Karos odprawi swoj\u0105 Msz\u0119 prymicyjn\u0105. Po tej Mszy zapraszamy na Salezja\u0144ski Festyn Rodzinny.<\/p>\n\n\n\n<p>6. W przysz\u0142\u0105 niedziel\u0119 rozpoczniemy nabo\u017ce\u0144stwa czerwcowe o godz. 17.30.<\/p>\n\n\n\n<p>7. Ma\u0142e Siostry Baranka wraz z m\u0142odzie\u017c\u0105 zapraszaj\u0105 na przedstawienie ewangelizacyjne \u201eWesele w Kanie Galilejskiej\u201d 27 maja o godz. 19.15 w ko\u015bciele Matki Boskiej Fatimskiej.<\/p>\n\n\n\n<p>8. Szko\u0142y Salezja\u0144skie przy ul Wodnej zapraszaj\u0105 na spotkanie z panem dr. Zbigniewem Barci\u0144skim \u2013 pedagogiem i teologiem, prezesem stowarzyszenia pedagog\u00f3w Natan, na temat: edukacja zdrowotna, czyli zmiana modelu edukacji seksualnej w szkole. Spotkanie odb\u0119dzie si\u0119 27 maja o godz. 18.30 w auli pod ko\u015bcio\u0142em.<\/p>\n\n\n\n<p>9. Dzi\u015b przeprowadzana jest zbi\u00f3rka ofiar do puszek na kolonie letnie dla dzieci organizowane przez Caritas Archidiecezji \u0141\u00f3dzkiej. <\/p>\n\n\n\n<p>10. Dzi\u015b te\u017c mo\u017cna z\u0142o\u017cy\u0107 ofiar\u0119 na Radio Maryja.<\/p>\n","protected":false},"excerpt":{"rendered":"<p>1. Nabo\u017ce\u0144stwa majowe o godz. 17.30. 2. W czwartek po Mszy wieczornej adoracja Naj\u015bwi\u0119tszego Sakramentu. 3. W pi\u0105tek rozpoczniemy nowenn\u0119 przed uroczysto\u015bci\u0105 Zes\u0142ania Ducha \u015awi\u0119tego o godz. 17.30. 4. W sobot\u0119 wspomnienie miesi\u0119czne \u015bw. Jana Bosko. 5. W przysz\u0142\u0105 niedziel\u0119 o godz. 11.30 nasz parafianin ks. Piotr Karos odprawi swoj\u0105 [&hellip;]<\/p>\n","protected":false},"author":2,"featured_media":619,"comment_status":"closed","ping_status":"closed","sticky":false,"template":"","format":"standard","meta":{"footnotes":""},"categories":[2],"tags":[],"class_list":["post-1000","post","type-post","status-publish","format-standard","has-post-thumbnail","hentry","category-aktualnosci"],"_links":{"self":[{"href":"https:\/\/wspomozycielka-lodz.pl\/index.php?rest_route=\/wp\/v2\/posts\/1000","targetHints":{"allow":["GET"]}}],"collection":[{"href":"https:\/\/wspomozycielka-lodz.pl\/index.php?rest_route=\/wp\/v2\/posts"}],"about":[{"href":"https:\/\/wspomozycielka-lodz.pl\/index.php?rest_route=\/wp\/v2\/types\/post"}],"author":[{"embeddable":true,"href":"https:\/\/wspomozycielka-lodz.pl\/index.php?rest_route=\/wp\/v2\/users\/2"}],"replies":[{"embeddable":true,"href":"https:\/\/wspomozycielka-lodz.pl\/index.php?rest_route=%2Fwp%2Fv2%2Fcomments&post=1000"}],"version-history":[{"count":1,"href":"https:\/\/wspomozycielka-lodz.pl\/index.php?rest_route=\/wp\/v2\/posts\/1000\/revisions"}],"predecessor-version":[{"id":1001,"href":"https:\/\/wspomozycielka-lodz.pl\/index.php?rest_route=\/wp\/v2\/posts\/1000\/revisions\/1001"}],"wp:featuredmedia":[{"embeddable":true,"href":"https:\/\/wspomozycielka-lodz.pl\/index.php?rest_route=\/wp\/v2\/media\/619"}],"wp:attachment":[{"href":"https:\/\/wspomozycielka-lodz.pl\/index.php?rest_route=%2Fwp%2Fv2%2Fmedia&parent=1000"}],"wp:term":[{"taxonomy":"category","embeddable":true,"href":"https:\/\/wspomozycielka-lodz.pl\/index.php?rest_route=%2Fwp%2Fv2%2Fcategories&post=1000"},{"taxonomy":"post_tag","embeddable":true,"href":"https:\/\/wspomozycielka-lodz.pl\/index.php?rest_route=%2Fwp%2Fv2%2Ftags&post=1000"}],"curies":[{"name":"wp","href":"https:\/\/api.w.org\/{rel}","templated":true}]}}